{"id":36340,"date":"2007-07-18T01:00:00","date_gmt":"2007-07-17T23:00:00","guid":{"rendered":"https:\/\/mancomun.gal\/nova-biblioteca-grafica-para-gimp\/"},"modified":"2007-07-18T01:00:00","modified_gmt":"2007-07-17T23:00:00","slug":"nova-biblioteca-grafica-para-gimp","status":"publish","type":"post","link":"https:\/\/mancomun.gal\/es\/nova-biblioteca-grafica-para-gimp\/","title":{"rendered":"Nova biblioteca gr\u00e1fica para Gimp"},"content":{"rendered":"<p style=\"margin-bottom: 0cm\" align=\"justify\"><a href=\"http:\/\/pippin.gimp.org\/\" target=\"_blank\" title=\"http:\/\/pippin.gimp.org\/\" rel=\"noopener\">\u00d8vind Kol\u00e5s<\/a>, un dos desenvolvedores do programa de manipulaci\u00f3n de imaxes denominado <a href=\"http:\/\/www.gimp.org\/\" target=\"_blank\" title=\"http:\/\/www.gimp.org\/\" rel=\"noopener\">Gimp<\/a>, realizou unha demostraci\u00f3n da que ser\u00e1 a nova biblioteca gr\u00e1fica, chamada <a href=\"http:\/\/www.gegl.org\/\" target=\"_blank\" title=\"http:\/\/www.gegl.org\/\" rel=\"noopener\">GEGL<\/a>.<\/p>\n<div align=\"justify\"> <\/div>\n<p style=\"margin-bottom: 0cm\" align=\"justify\">\tEsta biblioteca permitir\u00e1 a Gimp superar algunhas limitaci\u00f3ns de dese\u00f1o que impediron varias melloras da aplicaci\u00f3n, como o contorno gr\u00e1fico ou por exemplo o soporte nativo para [[CMYK]], para poder traballar con imprentas.<\/p>\n<div align=\"justify\"> <\/div>\n<p style=\"margin-bottom: 0cm\" align=\"justify\">\tAs caracter\u00edsticas completas de GEGL p\u00f3dense atopar en <a href=\"http:\/\/www.gegl.org\/index.html#Features\" target=\"_blank\" title=\"http:\/\/www.gegl.org\/index.html#Features\" rel=\"noopener\">http:\/\/www.gegl.org\/#Features<\/a><\/p>\n<div align=\"justify\">Fonte:<br \/><a href=\"http:\/\/www.noticiaslinux.com\/Desarrollo-de-nueva-biblioteca-grafica-para-GIMP\" target=\"_blank\" title=\"http:\/\/www.noticiaslinux.com\/Desarrollo-de-nueva-biblioteca-grafica-para-GIMP\" rel=\"noopener\">http:\/\/www.noticiaslinux.com<\/a> <\/div>\n","protected":false},"excerpt":{"rendered":"<p style=\"margin-bottom: 0cm\" align=\"justify\"><a href=\"http:\/\/pippin.gimp.org\/\" target=\"_blank\" title=\"http:\/\/pippin.gimp.org\/\" rel=\"noopener\">\u00d8vind Kol\u00e5s<\/a>, un dos desenvolvedores do programa de manipulaci\u00f3n de imaxes denominado <a href=\"http:\/\/www.gimp.org\/\" target=\"_blank\" title=\"http:\/\/www.gimp.org\/\" rel=\"noopener\">Gimp<\/a>, realizou unha demostraci\u00f3n da que ser\u00e1 a nova biblioteca gr\u00e1fica, chamada <a href=\"http:\/\/www.gegl.org\/\" target=\"_blank\" title=\"http:\/\/www.gegl.org\/\" rel=\"noopener\">GEGL<\/a>.<\/p>\n<div align=\"justify\"> <\/div>\n<p style=\"margin-bottom: 0cm\" align=\"justify\">\tEsta biblioteca permitir\u00e1 a Gimp superar algunhas limitaci\u00f3ns de dese\u00f1o que impediron varias melloras da aplicaci\u00f3n, como o contorno gr\u00e1fico ou por exemplo o soporte nativo para [[CMYK]], para poder traballar con imprentas.<\/p>\n<div align=\"justify\"> <\/div>\n<p style=\"margin-bottom: 0cm\" align=\"justify\">\tAs caracter\u00edsticas completas de GEGL p\u00f3dense atopar en <a href=\"http:\/\/www.gegl.org\/index.html#Features\" target=\"_blank\" title=\"http:\/\/www.gegl.org\/index.html#Features\" rel=\"noopener\">http:\/\/www.gegl.org\/#Features<\/a><\/p>\n","protected":false},"author":5,"featured_media":0,"comment_status":"open","ping_status":"open","sticky":false,"template":"","format":"standard","meta":{"footnotes":""},"categories":[],"tags":[],"class_list":["post-36340","post","type-post","status-publish","format-standard","hentry"],"acf":[],"_links":{"self":[{"href":"https:\/\/mancomun.gal\/es\/wp-json\/wp\/v2\/posts\/36340","targetHints":{"allow":["GET"]}}],"collection":[{"href":"https:\/\/mancomun.gal\/es\/wp-json\/wp\/v2\/posts"}],"about":[{"href":"https:\/\/mancomun.gal\/es\/wp-json\/wp\/v2\/types\/post"}],"author":[{"embeddable":true,"href":"https:\/\/mancomun.gal\/es\/wp-json\/wp\/v2\/users\/5"}],"replies":[{"embeddable":true,"href":"https:\/\/mancomun.gal\/es\/wp-json\/wp\/v2\/comments?post=36340"}],"version-history":[{"count":0,"href":"https:\/\/mancomun.gal\/es\/wp-json\/wp\/v2\/posts\/36340\/revisions"}],"wp:attachment":[{"href":"https:\/\/mancomun.gal\/es\/wp-json\/wp\/v2\/media?parent=36340"}],"wp:term":[{"taxonomy":"category","embeddable":true,"href":"https:\/\/mancomun.gal\/es\/wp-json\/wp\/v2\/categories?post=36340"},{"taxonomy":"post_tag","embeddable":true,"href":"https:\/\/mancomun.gal\/es\/wp-json\/wp\/v2\/tags?post=36340"}],"curies":[{"name":"wp","href":"https:\/\/api.w.org\/{rel}","templated":true}]}}