{"id":36347,"date":"2007-07-18T12:58:44","date_gmt":"2007-07-18T10:58:44","guid":{"rendered":"https:\/\/mancomun.gal\/o-uso-do-navegador-firefox-segue-crecendo-ate-alcanzar-un-28-de-cota-en-europa\/"},"modified":"2023-05-09T19:54:33","modified_gmt":"2023-05-09T17:54:33","slug":"o-uso-do-navegador-firefox-segue-crecendo-ate-alcanzar-un-28-de-cota-en-europa","status":"publish","type":"post","link":"https:\/\/mancomun.gal\/es\/o-uso-do-navegador-firefox-segue-crecendo-ate-alcanzar-un-28-de-cota-en-europa\/","title":{"rendered":"O uso do navegador Firefox segue crecendo at\u00e9 alcanzar un 28% de cota en Europa"},"content":{"rendered":"<p align=\"justify\">O \u00faltimo estudo de <a href=\"http:\/\/www.xitimonitor.com\" target=\"_blank\" title=\"www.xitimonitor.com\" rel=\"noopener\">XiTI Monitor<\/a>  revela o uso de navegadores durante a primeira semana de xu\u00f1o, e demostra o crecemento de Firefox, o navegador da Mozilla Foundation. En Espa\u00f1a xa case se chega ao 20% (ver gr\u00e1fico), e destacar que entre os <em>usuarios da web de mancomun.org<\/em> o seu uso <strong><em>increm\u00e9ntase at\u00e9 o 34,86%<\/em><\/strong>.  <\/p>\n<p align=\"justify\">O aumento da cota de mercado de Firefox f\u00edxose patente en todos os pa\u00edses do continente europeo, onde ademais se produciron incrementos incribles como o de Irlanda, que pasou do 24,9% da primeira semana de marzo ao 38,6% da primeira de xu\u00f1o.<\/p>\n<div align=\"justify\">Hungr\u00eda tam\u00e9n foi un dos pa\u00edses m\u00e1is activos no uso de Firefox, pasando do 27,2% ao 38,7%. En Espa\u00f1a o crecemento foi dende un 15,7% at\u00e9 un 19,1%.<\/div>\n<div align=\"justify\">\u00a0<\/div>\n<div align=\"center\">Gr\u00e1fico de uso de Firefox en Europa (prema para ver m\u00e1is grande):<\/div>\n<div align=\"justify\">\n<div style=\"text-align: center\"><a href=\"https:\/\/www.mancomun.gal\/images\/stories\/uso_firefox.png\" target=\"_blank\" title=\"http:\/\/www.mancomun.org\/images\/stories\/uso_firefox.png\" rel=\"noopener\"><img loading=\"lazy\" decoding=\"async\" src=\"https:\/\/www.mancomun.gal\/uploads\/pics\/stories\/uso_firefox.png\" border=\"0\" alt=\"http:\/\/www.mancomun.org\/images\/stories\/uso_firefox.png\" title=\"http:\/\/www.mancomun.org\/images\/stories\/uso_firefox.png\" hspace=\"0\" vspace=\"0\" width=\"300\" height=\"331\" \/><\/a> <\/div>\n<p><\/div>\n<div align=\"justify\">\u00a0<\/div>\n<div align=\"justify\">Fonte da nova:<br \/><a href=\"http:\/\/es.theinquirer.net\/2007\/07\/15\/firefox_sigue_creciendo_28_de.html\" target=\"_blank\" title=\"http:\/\/es.theinquirer.net\/2007\/07\/15\/firefox_sigue_creciendo_28_de.html\" rel=\"noopener\">The Inquirer ES<\/a>  <\/div>\n","protected":false},"excerpt":{"rendered":"<p align=\"justify\">O \u00faltimo estudo de <a href=\"http:\/\/www.xitimonitor.com\" target=\"_blank\" title=\"www.xitimonitor.com\" rel=\"noopener\">XiTI Monitor<\/a>  revela o uso de navegadores durante a primeira semana de xu\u00f1o, e demostra o crecemento de Firefox, o navegador da Mozilla Foundation. En Espa\u00f1a xa case se chega ao 20% (ver gr\u00e1fico), e destacar que entre os <em>usuarios da web de mancomun.org<\/em> o seu uso <strong><em>increm\u00e9ntase at\u00e9 o 34,86%<\/em><\/strong>.  <\/p>\n<p align=\"justify\">O aumento da cota de mercado de Firefox f\u00edxose patente en todos os pa\u00edses do continente europeo, onde ademais se produciron incrementos incribles como o de Irlanda, que pasou do 24,9% da primeira semana de marzo ao 38,6% da primeira de xu\u00f1o.<\/p>\n","protected":false},"author":5,"featured_media":0,"comment_status":"open","ping_status":"open","sticky":false,"template":"","format":"standard","meta":{"footnotes":""},"categories":[],"tags":[],"class_list":["post-36347","post","type-post","status-publish","format-standard","hentry"],"acf":[],"_links":{"self":[{"href":"https:\/\/mancomun.gal\/es\/wp-json\/wp\/v2\/posts\/36347","targetHints":{"allow":["GET"]}}],"collection":[{"href":"https:\/\/mancomun.gal\/es\/wp-json\/wp\/v2\/posts"}],"about":[{"href":"https:\/\/mancomun.gal\/es\/wp-json\/wp\/v2\/types\/post"}],"author":[{"embeddable":true,"href":"https:\/\/mancomun.gal\/es\/wp-json\/wp\/v2\/users\/5"}],"replies":[{"embeddable":true,"href":"https:\/\/mancomun.gal\/es\/wp-json\/wp\/v2\/comments?post=36347"}],"version-history":[{"count":1,"href":"https:\/\/mancomun.gal\/es\/wp-json\/wp\/v2\/posts\/36347\/revisions"}],"predecessor-version":[{"id":36348,"href":"https:\/\/mancomun.gal\/es\/wp-json\/wp\/v2\/posts\/36347\/revisions\/36348"}],"wp:attachment":[{"href":"https:\/\/mancomun.gal\/es\/wp-json\/wp\/v2\/media?parent=36347"}],"wp:term":[{"taxonomy":"category","embeddable":true,"href":"https:\/\/mancomun.gal\/es\/wp-json\/wp\/v2\/categories?post=36347"},{"taxonomy":"post_tag","embeddable":true,"href":"https:\/\/mancomun.gal\/es\/wp-json\/wp\/v2\/tags?post=36347"}],"curies":[{"name":"wp","href":"https:\/\/api.w.org\/{rel}","templated":true}]}}