{"id":36359,"date":"2007-07-20T10:15:37","date_gmt":"2007-07-20T08:15:37","guid":{"rendered":"https:\/\/mancomun.gal\/a-bbc-considera-facer-os-programas-de-tv-para-que-tamen-se-poidan-ver-desde-plataformas-libres\/"},"modified":"2007-07-20T10:15:37","modified_gmt":"2007-07-20T08:15:37","slug":"a-bbc-considera-facer-os-programas-de-tv-para-que-tamen-se-poidan-ver-desde-plataformas-libres","status":"publish","type":"post","link":"https:\/\/mancomun.gal\/es\/a-bbc-considera-facer-os-programas-de-tv-para-que-tamen-se-poidan-ver-desde-plataformas-libres\/","title":{"rendered":"A BBC considera facer os programas de TV para que tam\u00e9n se poidan ver desde plataformas libres"},"content":{"rendered":"<p align=\"justify\">A televisi\u00f3n p\u00fablica de Gran Breta\u00f1a est\u00e1 a considerar facer que o seu servizo de televisi\u00f3n por internet, visible a trav\u00e9s de iPlayer, sexa capaz de se executar noutros sistemas operativos al\u00e9n do Windows.<\/p>\n<div align=\"justify\">  <\/div>\n<p align=\"justify\">Representantes da BBC  e do Open Source Consorcium (OSC), unha organizaci\u00f3n que est\u00e1 a criticar \u00e1 BBC por facer que os seus programas funcionen s\u00f3 en Windows, reuniranse para discutiren este tema e debateren alternativas&#8230;<\/p>\n<div align=\"justify\">  <\/div>\n<p><\/p>\n<p align=\"justify\">A BBC presentar\u00e1 o seu reprodutor este mes, un software que lles permitir\u00e1 aos seus usuarios ver os programas de TV nos seus ordenadores. Os programas poden gardarse por un n\u00famero de d\u00edas at\u00e9 que se borran. A primeira versi\u00f3n do iPlayer s\u00f3 se pod\u00eda empregar en ordenadores que tivesen Microsoft Windows, mais a versi\u00f3n para Mac aparecer\u00e1 en outono.<\/p>\n<div align=\"justify\"> <\/div>\n<p align=\"justify\">O OSC criticou duramente \u00e1 BBC por ser un organismo financiado por fondos p\u00fablicos e adoptar tecnolox\u00edas que exclu\u00edan directamente ao 25% dos usuarios. A BBC contestou que  o seu inicio foi coa versi\u00f3n de Windows porque chegaba a m\u00e1is persoas. Por\u00e9n, a BBC tam\u00e9n est\u00e1 a ser criticada por combinar o seu iPlayer con programas DRM.<\/p>\n<div align=\"justify\">  <\/div>\n<p align=\"justify\">Ligaz\u00f3n: <a href=\"http:\/\/ec.europa.eu\/idabc\/en\/document\/7160\/469\" target=\"_blank\" title=\"http:\/\/ec.europa.eu\/idabc\/en\/document\/7160\/469\" rel=\"noopener\"><br \/>http:\/\/ec.europa.eu\/idabc\/en\/document\/7160\/469<\/a><\/p>\n","protected":false},"excerpt":{"rendered":"<p align=\"justify\">A televisi\u00f3n p\u00fablica de Gran Breta\u00f1a est\u00e1 a considerar facer que o seu servizo de televisi\u00f3n por internet, visible a trav\u00e9s de iPlayer, sexa capaz de se executar noutros sistemas operativos al\u00e9n do Windows.<\/p>\n<div align=\"justify\">  <\/div>\n<p align=\"justify\">Representantes da BBC  e do Open Source Consorcium (OSC), unha organizaci\u00f3n que est\u00e1 a criticar \u00e1 BBC por facer que os seus programas funcionen s\u00f3 en Windows, reuniranse para discutiren este tema e debateren alternativas&#8230;<\/p>\n<div align=\"justify\">  <\/div>\n","protected":false},"author":5,"featured_media":0,"comment_status":"open","ping_status":"open","sticky":false,"template":"","format":"standard","meta":{"footnotes":""},"categories":[],"tags":[],"class_list":["post-36359","post","type-post","status-publish","format-standard","hentry"],"acf":[],"_links":{"self":[{"href":"https:\/\/mancomun.gal\/es\/wp-json\/wp\/v2\/posts\/36359","targetHints":{"allow":["GET"]}}],"collection":[{"href":"https:\/\/mancomun.gal\/es\/wp-json\/wp\/v2\/posts"}],"about":[{"href":"https:\/\/mancomun.gal\/es\/wp-json\/wp\/v2\/types\/post"}],"author":[{"embeddable":true,"href":"https:\/\/mancomun.gal\/es\/wp-json\/wp\/v2\/users\/5"}],"replies":[{"embeddable":true,"href":"https:\/\/mancomun.gal\/es\/wp-json\/wp\/v2\/comments?post=36359"}],"version-history":[{"count":0,"href":"https:\/\/mancomun.gal\/es\/wp-json\/wp\/v2\/posts\/36359\/revisions"}],"wp:attachment":[{"href":"https:\/\/mancomun.gal\/es\/wp-json\/wp\/v2\/media?parent=36359"}],"wp:term":[{"taxonomy":"category","embeddable":true,"href":"https:\/\/mancomun.gal\/es\/wp-json\/wp\/v2\/categories?post=36359"},{"taxonomy":"post_tag","embeddable":true,"href":"https:\/\/mancomun.gal\/es\/wp-json\/wp\/v2\/tags?post=36359"}],"curies":[{"name":"wp","href":"https:\/\/api.w.org\/{rel}","templated":true}]}}