{"id":36370,"date":"2007-07-24T07:40:30","date_gmt":"2007-07-24T05:40:30","guid":{"rendered":"https:\/\/mancomun.gal\/agnix-presentara-o-proxecto-belenus-no-festigal\/"},"modified":"2007-07-24T07:40:30","modified_gmt":"2007-07-24T05:40:30","slug":"agnix-presentara-o-proxecto-belenus-no-festigal","status":"publish","type":"post","link":"https:\/\/mancomun.gal\/es\/agnix-presentara-o-proxecto-belenus-no-festigal\/","title":{"rendered":"AGNIX presentar\u00e1 o Proxecto Belenus no Festigal"},"content":{"rendered":"<p align=\"justify\">Visto na web de <a href=\"http:\/\/www.agnix.org\/index.php?option=content&#038;task=view&#038;id=3498&#038;Itemid=2\" target=\"_blank\" title=\"AGNIX\" rel=\"noopener\">AGNIX<\/a>:<\/p>\n<p align=\"justify\">\u00ab<font>AGNIX presentar\u00e1 no <a href=\"http:\/\/www.festigal.com\/\" target=\"_blank\" title=\"http:\/\/www.festigal.com\/\" rel=\"noopener\">Festigal<\/a>, o <strong>Proxecto Belenus<\/strong>. O obxectivo deste proxecto \u00e9 idear e por \u00e1 disposici\u00f3n da comunidade unha plataforma de conexi\u00f3n a internet, de banda larga funcionando con Software Libre e alimentada por enerx\u00edas renovables.<\/font><br \/>&#8230;<br \/><font> Pensamos nunha m\u00e1quina con conectividade Wan fornecida pola rede <a href=\"http:\/\/es.wikipedia.org\/wiki\/UMTS\" target=\"_blank\" title=\"http:\/\/es.wikipedia.org\/wiki\/UMTS\" rel=\"noopener\">UMTS<\/a>, ou pola rede <a href=\"http:\/\/es.wikipedia.org\/wiki\/WiMAX\" target=\"_blank\" title=\"http:\/\/es.wikipedia.org\/wiki\/WiMAX\" rel=\"noopener\">WiMax<\/a>, no seu caso. Pensamos nunha m\u00e1quina que non precise de cabos, nin de datos, nin de electricidade. Unha m\u00e1quina alimentada polo sol, ou polo vento&#8230;\u00bb<\/font> <\/p>\n<p><\/p>\n<p align=\"justify\">Por outra parte, mancomun.org estar\u00e1 presente no stand de Software Libre onde se presentar\u00e1n diferentes proxectos que se est\u00e1n a desenvolver na nosa comunidade.<a href=\"http:\/\/www.agnix.org\" target=\"_blank\" title=\"http:\/\/www.agnix.org\" rel=\"noopener\"><br \/><\/a>  <\/p>\n<p align=\"justify\">Ou no enderezo do proxecto Belenus:<br \/><a href=\"http:\/\/breogan.agnix.org\/index.php?n=Main.HomePage\" target=\"_blank\" title=\"http:\/\/breogan.agnix.org\/index.php?n=Main.HomePage\" rel=\"noopener\">Web do proxecto Belenus<\/a> <\/p>\n","protected":false},"excerpt":{"rendered":"<p align=\"justify\">Visto na web de <a href=\"http:\/\/www.agnix.org\/index.php?option=content&#038;task=view&#038;id=3498&#038;Itemid=2\" target=\"_blank\" title=\"AGNIX\" rel=\"noopener\">AGNIX<\/a>:<\/p>\n<p align=\"justify\">\u00ab<font>AGNIX presentar\u00e1 no <a href=\"http:\/\/www.festigal.com\/\" target=\"_blank\" title=\"http:\/\/www.festigal.com\/\" rel=\"noopener\">Festigal<\/a>, o <strong>Proxecto Belenus<\/strong>. O obxectivo deste proxecto \u00e9 idear e por \u00e1 disposici\u00f3n da comunidade unha plataforma de conexi\u00f3n a internet, de banda larga funcionando con Software Libre e alimentada por enerx\u00edas renovables.<\/font><br \/>&#8230;<br \/><font> Pensamos nunha m\u00e1quina con conectividade Wan fornecida pola rede <a href=\"http:\/\/es.wikipedia.org\/wiki\/UMTS\" target=\"_blank\" title=\"http:\/\/es.wikipedia.org\/wiki\/UMTS\" rel=\"noopener\">UMTS<\/a>, ou pola rede <a href=\"http:\/\/es.wikipedia.org\/wiki\/WiMAX\" target=\"_blank\" title=\"http:\/\/es.wikipedia.org\/wiki\/WiMAX\" rel=\"noopener\">WiMax<\/a>, no seu caso. Pensamos nunha m\u00e1quina que non precise de cabos, nin de datos, nin de electricidade. Unha m\u00e1quina alimentada polo sol, ou polo vento&#8230;\u00bb<\/font> <\/p>\n","protected":false},"author":5,"featured_media":0,"comment_status":"open","ping_status":"open","sticky":false,"template":"","format":"standard","meta":{"footnotes":""},"categories":[],"tags":[],"class_list":["post-36370","post","type-post","status-publish","format-standard","hentry"],"acf":[],"_links":{"self":[{"href":"https:\/\/mancomun.gal\/es\/wp-json\/wp\/v2\/posts\/36370","targetHints":{"allow":["GET"]}}],"collection":[{"href":"https:\/\/mancomun.gal\/es\/wp-json\/wp\/v2\/posts"}],"about":[{"href":"https:\/\/mancomun.gal\/es\/wp-json\/wp\/v2\/types\/post"}],"author":[{"embeddable":true,"href":"https:\/\/mancomun.gal\/es\/wp-json\/wp\/v2\/users\/5"}],"replies":[{"embeddable":true,"href":"https:\/\/mancomun.gal\/es\/wp-json\/wp\/v2\/comments?post=36370"}],"version-history":[{"count":0,"href":"https:\/\/mancomun.gal\/es\/wp-json\/wp\/v2\/posts\/36370\/revisions"}],"wp:attachment":[{"href":"https:\/\/mancomun.gal\/es\/wp-json\/wp\/v2\/media?parent=36370"}],"wp:term":[{"taxonomy":"category","embeddable":true,"href":"https:\/\/mancomun.gal\/es\/wp-json\/wp\/v2\/categories?post=36370"},{"taxonomy":"post_tag","embeddable":true,"href":"https:\/\/mancomun.gal\/es\/wp-json\/wp\/v2\/tags?post=36370"}],"curies":[{"name":"wp","href":"https:\/\/api.w.org\/{rel}","templated":true}]}}