{"id":36375,"date":"2007-07-24T13:06:44","date_gmt":"2007-07-24T11:06:44","guid":{"rendered":"https:\/\/mancomun.gal\/o-software-libre-facilita-o-uso-de-computadores-a-discapacitados\/"},"modified":"2007-07-24T13:06:44","modified_gmt":"2007-07-24T11:06:44","slug":"o-software-libre-facilita-o-uso-de-computadores-a-discapacitados","status":"publish","type":"post","link":"https:\/\/mancomun.gal\/es\/o-software-libre-facilita-o-uso-de-computadores-a-discapacitados\/","title":{"rendered":"O Software Libre facilita o uso de computadores a discapacitados"},"content":{"rendered":"<p align=\"justify\">A empresa <a href=\"http:\/\/www.edmelectronics.es\/\" target=\"_blank\" rel=\"noopener\">EDM Electronics<\/a>  conta con 120 traballadores discapacitados. O seu directivo, Antonio Jim\u00e9nez Morillas, asegura que a utilizaci\u00f3n de Software Libre facilita aos discapacitados o uso normal dos computadores no seu traballo.<\/p>\n<p align=\"justify\">Durante\u00a0 a cuarta edici\u00f3n da versi\u00f3n hispana da Conferencia Europea de Desenvolvedores e Usuarios de Gnome, celebrada en Granada, Jim\u00e9nez referiuse en concreto ao sistema Ubuntu, con tecnolox\u00eda de escritorio Gnome, que se adapta a persoas con discapacidade auditiva, motriz ou visual nos seus diversos graos porque cumpre coa maior\u00eda dos requisitos de usabilidade.<\/p>\n<p align=\"justify\">Fonte.- <a href=\"http:\/\/www.deminorias.com\/noticia.php?ID=8295\" target=\"_blank\" rel=\"noopener\">Dminorias<\/a> \u00a0 <\/p>\n<p>\u00a0<\/p>\n<p><\/p>\n","protected":false},"excerpt":{"rendered":"<p align=\"justify\">A empresa <a href=\"http:\/\/www.edmelectronics.es\/\" target=\"_blank\" rel=\"noopener\">EDM Electronics<\/a>  conta con 120 traballadores discapacitados. O seu directivo, Antonio Jim\u00e9nez Morillas, asegura que a utilizaci\u00f3n de Software Libre facilita aos discapacitados o uso normal dos computadores no seu traballo.<\/p>\n<p align=\"justify\">Durante\u00a0 a cuarta edici\u00f3n da versi\u00f3n hispana da Conferencia Europea de Desenvolvedores e Usuarios de Gnome, celebrada en Granada, Jim\u00e9nez referiuse en concreto ao sistema Ubuntu, con tecnolox\u00eda de escritorio Gnome, que se adapta a persoas con discapacidade auditiva, motriz ou visual nos seus diversos graos porque cumpre coa maior\u00eda dos requisitos de usabilidade.<\/p>\n<p align=\"justify\">Fonte.- <a href=\"http:\/\/www.deminorias.com\/noticia.php?ID=8295\" target=\"_blank\" rel=\"noopener\">Dminorias<\/a> \u00a0 <\/p>\n<p>\u00a0<\/p>\n","protected":false},"author":5,"featured_media":0,"comment_status":"open","ping_status":"open","sticky":false,"template":"","format":"standard","meta":{"footnotes":""},"categories":[],"tags":[],"class_list":["post-36375","post","type-post","status-publish","format-standard","hentry"],"acf":[],"_links":{"self":[{"href":"https:\/\/mancomun.gal\/es\/wp-json\/wp\/v2\/posts\/36375","targetHints":{"allow":["GET"]}}],"collection":[{"href":"https:\/\/mancomun.gal\/es\/wp-json\/wp\/v2\/posts"}],"about":[{"href":"https:\/\/mancomun.gal\/es\/wp-json\/wp\/v2\/types\/post"}],"author":[{"embeddable":true,"href":"https:\/\/mancomun.gal\/es\/wp-json\/wp\/v2\/users\/5"}],"replies":[{"embeddable":true,"href":"https:\/\/mancomun.gal\/es\/wp-json\/wp\/v2\/comments?post=36375"}],"version-history":[{"count":0,"href":"https:\/\/mancomun.gal\/es\/wp-json\/wp\/v2\/posts\/36375\/revisions"}],"wp:attachment":[{"href":"https:\/\/mancomun.gal\/es\/wp-json\/wp\/v2\/media?parent=36375"}],"wp:term":[{"taxonomy":"category","embeddable":true,"href":"https:\/\/mancomun.gal\/es\/wp-json\/wp\/v2\/categories?post=36375"},{"taxonomy":"post_tag","embeddable":true,"href":"https:\/\/mancomun.gal\/es\/wp-json\/wp\/v2\/tags?post=36375"}],"curies":[{"name":"wp","href":"https:\/\/api.w.org\/{rel}","templated":true}]}}