{"id":36376,"date":"2007-07-24T13:20:09","date_gmt":"2007-07-24T11:20:09","guid":{"rendered":"https:\/\/mancomun.gal\/universidade-software-libre-e-innovacion\/"},"modified":"2007-07-24T13:20:09","modified_gmt":"2007-07-24T11:20:09","slug":"universidade-software-libre-e-innovacion","status":"publish","type":"post","link":"https:\/\/mancomun.gal\/es\/universidade-software-libre-e-innovacion\/","title":{"rendered":"Universidade, Software Libre e Innovaci\u00f3n"},"content":{"rendered":"<div align=\"justify\">Un grupo de expertos participantes nas xornadas estatais \u00ab<a href=\"http:\/\/www.e-verano.org\/edicion\/2007\/\" target=\"_blank\" rel=\"noopener\">e-Verano.org. Una mirada a la sociedad libre<\/a>\u00bb aseguran que o Software Libre \u00e9 a asignatura pendente da universidade. A Formaci\u00f3n Profesional (FP), con todo, progresa adecuadamente.<\/div>\n<div align=\"justify\">\u00a0<\/div>\n<div align=\"justify\">Rafael Rodr\u00edguez, da oficina de Software Libre da Universidade de C\u00e1diz, sinalou, xunto con outros expertos da mesa \u00abUniversidade, Software Libre e Innovaci\u00f3n\u00bb, que a FP est\u00e1 m\u00e1is preparada fronte ao Software Libre, principalmente pola maior sensibilizaci\u00f3n do profesorado destes niveis formativos, fronte aos catedr\u00e1ticos e profesores das distintas facultades. <\/div>\n<div align=\"justify\">\u00a0<\/div>\n<div align=\"justify\">Fonte.- <a href=\"http:\/\/www.aprendemas.com\/Noticias\/html\/N2511_F21072007.HTML\" target=\"_blank\" rel=\"noopener\">Aprendemas.com<\/a>  <\/div>\n<p><\/p>\n","protected":false},"excerpt":{"rendered":"<div align=\"justify\">Un grupo de expertos participantes nas xornadas estatais \u00ab<a href=\"http:\/\/www.e-verano.org\/edicion\/2007\/\" target=\"_blank\" rel=\"noopener\">e-Verano.org. Una mirada a la sociedad libre<\/a>\u00bb aseguran que o Software Libre \u00e9 a asignatura pendente da universidade. A Formaci\u00f3n Profesional (FP), con todo, progresa adecuadamente.<\/div>\n<div align=\"justify\">\u00a0<\/div>\n<div align=\"justify\">Rafael Rodr\u00edguez, da oficina de Software Libre da Universidade de C\u00e1diz, sinalou, xunto con outros expertos da mesa \u00abUniversidade, Software Libre e Innovaci\u00f3n\u00bb, que a FP est\u00e1 m\u00e1is preparada fronte ao Software Libre, principalmente pola maior sensibilizaci\u00f3n do profesorado destes niveis formativos, fronte aos catedr\u00e1ticos e profesores das distintas facultades. <\/div>\n<div align=\"justify\">\u00a0<\/div>\n<div align=\"justify\">Fonte.- <a href=\"http:\/\/www.aprendemas.com\/Noticias\/html\/N2511_F21072007.HTML\" target=\"_blank\" rel=\"noopener\">Aprendemas.com<\/a>  <\/div>\n","protected":false},"author":5,"featured_media":0,"comment_status":"open","ping_status":"open","sticky":false,"template":"","format":"standard","meta":{"footnotes":""},"categories":[],"tags":[],"class_list":["post-36376","post","type-post","status-publish","format-standard","hentry"],"acf":[],"_links":{"self":[{"href":"https:\/\/mancomun.gal\/es\/wp-json\/wp\/v2\/posts\/36376","targetHints":{"allow":["GET"]}}],"collection":[{"href":"https:\/\/mancomun.gal\/es\/wp-json\/wp\/v2\/posts"}],"about":[{"href":"https:\/\/mancomun.gal\/es\/wp-json\/wp\/v2\/types\/post"}],"author":[{"embeddable":true,"href":"https:\/\/mancomun.gal\/es\/wp-json\/wp\/v2\/users\/5"}],"replies":[{"embeddable":true,"href":"https:\/\/mancomun.gal\/es\/wp-json\/wp\/v2\/comments?post=36376"}],"version-history":[{"count":0,"href":"https:\/\/mancomun.gal\/es\/wp-json\/wp\/v2\/posts\/36376\/revisions"}],"wp:attachment":[{"href":"https:\/\/mancomun.gal\/es\/wp-json\/wp\/v2\/media?parent=36376"}],"wp:term":[{"taxonomy":"category","embeddable":true,"href":"https:\/\/mancomun.gal\/es\/wp-json\/wp\/v2\/categories?post=36376"},{"taxonomy":"post_tag","embeddable":true,"href":"https:\/\/mancomun.gal\/es\/wp-json\/wp\/v2\/tags?post=36376"}],"curies":[{"name":"wp","href":"https:\/\/api.w.org\/{rel}","templated":true}]}}