{"id":36377,"date":"2007-07-26T01:00:00","date_gmt":"2007-07-25T23:00:00","guid":{"rendered":"https:\/\/mancomun.gal\/gcc-4-2-1-a-derradeira-version-gplv2\/"},"modified":"2023-05-09T20:35:58","modified_gmt":"2023-05-09T18:35:58","slug":"gcc-4-2-1-a-derradeira-version-gplv2","status":"publish","type":"post","link":"https:\/\/mancomun.gal\/es\/gcc-4-2-1-a-derradeira-version-gplv2\/","title":{"rendered":"GCC 4.2.1, a derradeira versi\u00f3n GPLv2"},"content":{"rendered":"<div align=\"justify\">   \t \t \t \t \t \t \t<!-- \t\t@page { size: 21cm 29.7cm; margin: 2cm } \t\tP { margin-bottom: 0.21cm } \t--> \t  <\/div>\n<p style=\"margin-bottom: 0cm\" align=\"justify\"><img loading=\"lazy\" decoding=\"async\" src=\"https:\/\/mancomun.gal\/wp-content\/uploads\/2022\/09\/gplv3-logo-red.png\" border=\"0\" alt=\"http:\/\/www.mancomun.org\/images\/stories\/gplv3-logo-red.png\" title=\"http:\/\/www.mancomun.org\/images\/stories\/gplv3-logo-red.png\" hspace=\"7\" vspace=\"7\" width=\"150\" height=\"61\" align=\"left\" \/>O compilador <a href=\"http:\/\/gcc.gnu.org\/\" target=\"_blank\" title=\"http:\/\/gcc.gnu.org\/\" rel=\"noopener\">gcc<\/a> v\u00e9n de <a href=\"http:\/\/gcc.gnu.org\/gcc-4.2\/\" target=\"_blank\" title=\"http:\/\/gcc.gnu.org\/gcc-4.2\/\" rel=\"noopener\">lanzar a s\u00faa versi\u00f3n 4.2.1.<\/a><span style=\"text-decoration: none\"> <\/span>Unha nova que non ter\u00eda moita relevancia de non ser porque as futuras versi\u00f3ns ter\u00e1n licenza GPLv3.<\/p>\n<div align=\"justify\"> <\/div>\n<p style=\"margin-bottom: 0cm\" align=\"justify\">\tNon resulta estra\u00f1o que gcc sexa un dos primeiros desenvolvementos que   adopta esta licenza, debido a que o creador orixinal \u00e9 Richard M. Stallman, l\u00edder e fundador da fundaci\u00f3n GNU, o organismo no cal se derivou a licenza GPL.<\/p>\n<div align=\"justify\"> <\/div>\n<p style=\"margin-bottom: 0cm\" align=\"justify\">\tO troco de licenza exp\u00f3n, aos desenvolvedores, a posibilidade de manter unha li\u00f1a paralela de desenvolvemento que mante\u00f1a a licenza GPLv2, algo que xa ocorrera coa versi\u00f3n EGCS&#8230; <\/p>\n<p>Fonte:<br \/><a href=\"http:\/\/es.theinquirer.net\/2007\/07\/24\/gcc_421_la_ultima_version_gplv.html\" target=\"_blank\" title=\"http:\/\/es.theinquirer.net\/2007\/07\/24\/gcc_421_la_ultima_version_gplv.html\" rel=\"noopener\">http:\/\/es.theinquirer.net<\/a><\/p>\n","protected":false},"excerpt":{"rendered":"<div align=\"justify\">   \t \t \t \t \t \t \t<!-- \t\t@page { size: 21cm 29.7cm; margin: 2cm } \t\tP { margin-bottom: 0.21cm } \t--> \t  <\/div>\n<p style=\"margin-bottom: 0cm\" align=\"justify\"><img loading=\"lazy\" decoding=\"async\" src=\"https:\/\/www.mancomun.gal\/wp-content\/uploads\/uploads\/pics\/stories\/gplv3-logo-red.png\" border=\"0\" alt=\"http:\/\/www.mancomun.org\/images\/stories\/gplv3-logo-red.png\" title=\"http:\/\/www.mancomun.org\/images\/stories\/gplv3-logo-red.png\" hspace=\"7\" vspace=\"7\" width=\"150\" height=\"61\" align=\"left\" \/>O compilador <a href=\"http:\/\/gcc.gnu.org\/\" target=\"_blank\" title=\"http:\/\/gcc.gnu.org\/\" rel=\"noopener\">gcc<\/a> v\u00e9n de <a href=\"http:\/\/gcc.gnu.org\/gcc-4.2\/\" target=\"_blank\" title=\"http:\/\/gcc.gnu.org\/gcc-4.2\/\" rel=\"noopener\">lanzar a s\u00faa versi\u00f3n 4.2.1.<\/a><span style=\"text-decoration: none\"> <\/span>Unha nova que non ter\u00eda moita relevancia de non ser porque as futuras versi\u00f3ns ter\u00e1n licenza GPLv3.<\/p>\n<div align=\"justify\"> <\/div>\n<p style=\"margin-bottom: 0cm\" align=\"justify\">\tNon resulta estra\u00f1o que gcc sexa un dos primeiros desenvolvementos que   adopta esta licenza, debido a que o creador orixinal \u00e9 Richard M. Stallman, l\u00edder e fundador da fundaci\u00f3n GNU, o organismo no cal se derivou a licenza GPL.<\/p>\n<div align=\"justify\"> <\/div>\n<p style=\"margin-bottom: 0cm\" align=\"justify\">\tO troco de licenza exp\u00f3n, aos desenvolvedores, a posibilidade de manter unha li\u00f1a paralela de desenvolvemento que mante\u00f1a a licenza GPLv2, algo que xa ocorrera coa versi\u00f3n EGCS&#8230; <\/p>\n","protected":false},"author":5,"featured_media":373,"comment_status":"open","ping_status":"open","sticky":false,"template":"","format":"standard","meta":{"footnotes":""},"categories":[],"tags":[],"class_list":["post-36377","post","type-post","status-publish","format-standard","has-post-thumbnail","hentry"],"acf":[],"_links":{"self":[{"href":"https:\/\/mancomun.gal\/es\/wp-json\/wp\/v2\/posts\/36377","targetHints":{"allow":["GET"]}}],"collection":[{"href":"https:\/\/mancomun.gal\/es\/wp-json\/wp\/v2\/posts"}],"about":[{"href":"https:\/\/mancomun.gal\/es\/wp-json\/wp\/v2\/types\/post"}],"author":[{"embeddable":true,"href":"https:\/\/mancomun.gal\/es\/wp-json\/wp\/v2\/users\/5"}],"replies":[{"embeddable":true,"href":"https:\/\/mancomun.gal\/es\/wp-json\/wp\/v2\/comments?post=36377"}],"version-history":[{"count":1,"href":"https:\/\/mancomun.gal\/es\/wp-json\/wp\/v2\/posts\/36377\/revisions"}],"predecessor-version":[{"id":36378,"href":"https:\/\/mancomun.gal\/es\/wp-json\/wp\/v2\/posts\/36377\/revisions\/36378"}],"wp:featuredmedia":[{"embeddable":true,"href":"https:\/\/mancomun.gal\/es\/wp-json\/wp\/v2\/media\/373"}],"wp:attachment":[{"href":"https:\/\/mancomun.gal\/es\/wp-json\/wp\/v2\/media?parent=36377"}],"wp:term":[{"taxonomy":"category","embeddable":true,"href":"https:\/\/mancomun.gal\/es\/wp-json\/wp\/v2\/categories?post=36377"},{"taxonomy":"post_tag","embeddable":true,"href":"https:\/\/mancomun.gal\/es\/wp-json\/wp\/v2\/tags?post=36377"}],"curies":[{"name":"wp","href":"https:\/\/api.w.org\/{rel}","templated":true}]}}