{"id":36388,"date":"2007-07-27T08:41:50","date_gmt":"2007-07-27T06:41:50","guid":{"rendered":"https:\/\/mancomun.gal\/promociona-os-logos-oficiais-do-formato-odf\/"},"modified":"2023-05-09T20:36:11","modified_gmt":"2023-05-09T18:36:11","slug":"promociona-os-logos-oficiais-do-formato-odf","status":"publish","type":"post","link":"https:\/\/mancomun.gal\/es\/promociona-os-logos-oficiais-do-formato-odf\/","title":{"rendered":"Promociona os logos oficiais do formato ODF"},"content":{"rendered":"<table border=\"0\" cellpadding=\"0\" width=\"553\" height=\"257\">\n<tbody>\n<tr>\n<td>\n<p align=\"justify\"><a href=\"http:\/\/www.redhatmagazine.com\/2007\/07\/25\/spread-the-word-share-this-odf-artwork\/\" target=\"_blank\" title=\"odf logos\" rel=\"noopener\"><img loading=\"lazy\" decoding=\"async\" src=\"https:\/\/mancomun.gal\/wp-content\/uploads\/2022\/09\/odflogo.png\" border=\"0\" alt=\"http:\/\/www.mancomun.org\/images\/stories\/odflogo.png\" title=\"http:\/\/www.mancomun.org\/images\/stories\/odflogo.png\" hspace=\"7\" vspace=\"10\" width=\"140\" height=\"182\" align=\"left\" \/><\/a> <\/p>\n<p>\u00a0<\/td>\n<td>\n<p align=\"justify\">Red Hat \u00e9 un dos membros fundadores da <a href=\"http:\/\/www.odfalliance.org\/\" target=\"_blank\" title=\"http:\/\/www.odfalliance.org\/\" rel=\"noopener\">ODF Alliance<\/a>, e os dese\u00f1adores da revista Red Hat Magazine ve\u00f1en de crear unha serie de p\u00f3sters e logos en distintos formatos para axudar a difundir e promover o uso deste formato.<\/p>\n<p align=\"justify\">O p\u00f3ster e o logo p\u00f3dense descargar en distintos formatos:<\/p>\n<p align=\"justify\"> <a href=\"http:\/\/www.redhat.com\/f\/gfx\/ODFLogo1.sla\" target=\"_blank\" rel=\"noopener\">Logo (.sla)<\/a><br \/> <a href=\"http:\/\/www.redhat.com\/f\/gfx\/ODFLogo1.svg\" target=\"_blank\" rel=\"noopener\">Logo (.svg)<\/a><br \/> <a href=\"http:\/\/www.redhat.com\/f\/gfx\/ODFPoster1.sla\" target=\"_blank\" rel=\"noopener\">P\u00f3ster (.sla)<\/a><br \/> <a href=\"http:\/\/www.redhat.com\/f\/gfx\/ODFPoster1.svg\" target=\"_blank\" rel=\"noopener\">P\u00f3ster (.svg)<\/a><br \/> <a href=\"http:\/\/www.redhat.com\/f\/pdf\/ODFPoster.pdf\" target=\"_blank\" rel=\"noopener\">P\u00f3ster (.pdf)<\/a><\/p>\n<p align=\"justify\">\u00a0<\/p>\n<p align=\"justify\">Agora s\u00f3 queda descargalo, imprimilo, traducilo aos distintos idiomas, usalo e liberar os documentos co formato ODF&#8230; <\/p>\n<p>\u00a0<\/td>\n<\/tr>\n<\/tbody>\n<\/table>\n<p><\/p>\n<p align=\"justify\">M\u00e1is informaci\u00f3n na revista Red Hat Magazine, no artigo \u00abODF: The inevitable format\u00bb e m\u00e1is en \u00abSpread the word, share this ODF artwork\u00bb:<\/p>\n<p align=\"justify\"><a href=\"http:\/\/www.redhatmagazine.com\/2007\/07\/25\/odf-the-inevitable-format\" target=\"_blank\" title=\"http:\/\/www.redhatmagazine.com\/2007\/07\/25\/odf-the-inevitable-format\/\" rel=\"noopener\">ODF: The inevitable format<\/a><\/p>\n<p align=\"justify\"><a href=\"http:\/\/www.redhatmagazine.com\/2007\/07\/25\/spread-the-word-share-this-odf-artwork\" target=\"_blank\" title=\"http:\/\/www.redhatmagazine.com\/2007\/07\/25\/spread-the-word-share-this-odf-artwork\/\" rel=\"noopener\">Spread the word, share this ODF artwork<\/a> <\/p>\n","protected":false},"excerpt":{"rendered":"<table border=\"0\" cellpadding=\"0\" width=\"553\" height=\"257\">\n<tbody>\n<tr>\n<td>\n<p align=\"justify\"><a href=\"http:\/\/www.redhatmagazine.com\/2007\/07\/25\/spread-the-word-share-this-odf-artwork\/\" target=\"_blank\" title=\"odf logos\" rel=\"noopener\"><img loading=\"lazy\" decoding=\"async\" src=\"https:\/\/www.mancomun.gal\/wp-content\/uploads\/uploads\/pics\/stories\/odflogo.png\" border=\"0\" alt=\"http:\/\/www.mancomun.org\/images\/stories\/odflogo.png\" title=\"http:\/\/www.mancomun.org\/images\/stories\/odflogo.png\" hspace=\"7\" vspace=\"10\" width=\"140\" height=\"182\" align=\"left\" \/><\/a> <\/p>\n<p>\u00a0<\/td>\n<td>\n<p align=\"justify\">Red Hat \u00e9 un dos membros fundadores da <a href=\"http:\/\/www.odfalliance.org\/\" target=\"_blank\" title=\"http:\/\/www.odfalliance.org\/\" rel=\"noopener\">ODF Alliance<\/a>, e os dese\u00f1adores da revista Red Hat Magazine ve\u00f1en de crear unha serie de p\u00f3sters e logos en distintos formatos para axudar a difundir e promover o uso deste formato.<\/p>\n<p align=\"justify\">O p\u00f3ster e o logo p\u00f3dense descargar en distintos formatos:<\/p>\n<p align=\"justify\"> <a href=\"http:\/\/www.redhat.com\/f\/gfx\/ODFLogo1.sla\" target=\"_blank\" rel=\"noopener\">Logo (.sla)<\/a><br \/> <a href=\"http:\/\/www.redhat.com\/f\/gfx\/ODFLogo1.svg\" target=\"_blank\" rel=\"noopener\">Logo (.svg)<\/a><br \/> <a href=\"http:\/\/www.redhat.com\/f\/gfx\/ODFPoster1.sla\" target=\"_blank\" rel=\"noopener\">P\u00f3ster (.sla)<\/a><br \/> <a href=\"http:\/\/www.redhat.com\/f\/gfx\/ODFPoster1.svg\" target=\"_blank\" rel=\"noopener\">P\u00f3ster (.svg)<\/a><br \/> <a href=\"http:\/\/www.redhat.com\/f\/pdf\/ODFPoster.pdf\" target=\"_blank\" rel=\"noopener\">P\u00f3ster (.pdf)<\/a><\/p>\n<p align=\"justify\">\u00a0<\/p>\n<p align=\"justify\">Agora s\u00f3 queda descargalo, imprimilo, traducilo aos distintos idiomas, usalo e liberar os documentos co formato ODF&#8230; <\/p>\n<p>\u00a0<\/td>\n<\/tr>\n<\/tbody>\n<\/table>\n","protected":false},"author":5,"featured_media":2401,"comment_status":"open","ping_status":"open","sticky":false,"template":"","format":"standard","meta":{"footnotes":""},"categories":[],"tags":[],"class_list":["post-36388","post","type-post","status-publish","format-standard","has-post-thumbnail","hentry"],"acf":[],"_links":{"self":[{"href":"https:\/\/mancomun.gal\/es\/wp-json\/wp\/v2\/posts\/36388","targetHints":{"allow":["GET"]}}],"collection":[{"href":"https:\/\/mancomun.gal\/es\/wp-json\/wp\/v2\/posts"}],"about":[{"href":"https:\/\/mancomun.gal\/es\/wp-json\/wp\/v2\/types\/post"}],"author":[{"embeddable":true,"href":"https:\/\/mancomun.gal\/es\/wp-json\/wp\/v2\/users\/5"}],"replies":[{"embeddable":true,"href":"https:\/\/mancomun.gal\/es\/wp-json\/wp\/v2\/comments?post=36388"}],"version-history":[{"count":1,"href":"https:\/\/mancomun.gal\/es\/wp-json\/wp\/v2\/posts\/36388\/revisions"}],"predecessor-version":[{"id":36389,"href":"https:\/\/mancomun.gal\/es\/wp-json\/wp\/v2\/posts\/36388\/revisions\/36389"}],"wp:featuredmedia":[{"embeddable":true,"href":"https:\/\/mancomun.gal\/es\/wp-json\/wp\/v2\/media\/2401"}],"wp:attachment":[{"href":"https:\/\/mancomun.gal\/es\/wp-json\/wp\/v2\/media?parent=36388"}],"wp:term":[{"taxonomy":"category","embeddable":true,"href":"https:\/\/mancomun.gal\/es\/wp-json\/wp\/v2\/categories?post=36388"},{"taxonomy":"post_tag","embeddable":true,"href":"https:\/\/mancomun.gal\/es\/wp-json\/wp\/v2\/tags?post=36388"}],"curies":[{"name":"wp","href":"https:\/\/api.w.org\/{rel}","templated":true}]}}