{"id":36791,"date":"2007-10-08T12:25:00","date_gmt":"2007-10-08T10:25:00","guid":{"rendered":"https:\/\/mancomun.gal\/entrevista-aos-creadores-do-firefox-durante-a-sua-estancia-no-congreso-de-w3c\/"},"modified":"2007-10-08T12:25:00","modified_gmt":"2007-10-08T10:25:00","slug":"entrevista-aos-creadores-do-firefox-durante-a-sua-estancia-no-congreso-de-w3c","status":"publish","type":"post","link":"https:\/\/mancomun.gal\/es\/entrevista-aos-creadores-do-firefox-durante-a-sua-estancia-no-congreso-de-w3c\/","title":{"rendered":"Entrevista aos creadores do Firefox durante a s\u00faa estancia no Congreso de W3C"},"content":{"rendered":"<p align=\"justify\">No xornal \u00ab<a href=\"http:\/\/www.elpais.com\/articulo\/internet\/T\/Nitot\/creador\/Firefox\/Debemos\/exito\/usuarios\/elpeputec\/20071008elpepunet_1\/Tes\" target=\"_blank\" title=\"http:\/\/www.elpais.com\/articulo\/internet\/T\/Nitot\/creador\/Firefox\/Debemos\/exito\/usuarios\/elpeputec\/20071008elpepunet_1\/Tes\" rel=\"noopener\">El Pa\u00eds<\/a>\u00bb na secci\u00f3n de tecnolox\u00eda aparece publicada a seguinte entrevista:<\/p>\n<p align=\"justify\">\u00abMike Schroepfer e Tristan Nitot son dous dos m\u00e1ximos responsables da fundaci\u00f3n Mozilla, a que non s\u00f3 est\u00e1 a cargo do Firefox, o navegador que invita a redescubrir a web, e de Mozilla Thunderbird, o seu equivalente en xesti\u00f3n de correo, se non que tam\u00e9n promove a innovaci\u00f3n e o software libre na rede. Mike \u00e9 o vicepresidente de enxe\u00f1er\u00eda a nivel mundial. Trist\u00e1n \u00e9 o presidente da fundaci\u00f3n para toda Europa. O Congreso de W3C adicado aos est\u00e1ndares da rede tr\u00f3uxoos a Espa\u00f1a. O seu encontro cos &#8216;bloggers&#8217; deixou moi claro que a difusi\u00f3n de Firefox en Espa\u00f1a \u00e9 un paso estrat\u00e9xico na s\u00faa compa\u00f1\u00eda&#8230;\u00bb<\/p>\n<p><\/p>\n<p align=\"justify\">\u00a0<\/p>\n<p align=\"justify\">Podes ler a nova completa na s\u00faa fonte orixinal:<br \/><a href=\"http:\/\/www.elpais.com\/articulo\/internet\/T\/Nitot\/creador\/Firefox\/Debemos\/exito\/usuarios\/elpeputec\/20071008elpepunet_1\/Tes\" target=\"_blank\" title=\"http:\/\/www.elpais.com\/articulo\/internet\/T\/Nitot\/creador\/Firefox\/Debemos\/exito\/usuarios\/elpeputec\/20071008elpepunet_1\/Tes\" rel=\"noopener\">\u00abEl Pa\u00eds.com &#8211; T.Nitor, creador de Firefox: \u00abDebenos nuestro \u00e9xito a los usuarios\u00bb<\/a> <\/p>\n","protected":false},"excerpt":{"rendered":"<p align=\"justify\">No xornal \u00ab<a href=\"http:\/\/www.elpais.com\/articulo\/internet\/T\/Nitot\/creador\/Firefox\/Debemos\/exito\/usuarios\/elpeputec\/20071008elpepunet_1\/Tes\" target=\"_blank\" title=\"http:\/\/www.elpais.com\/articulo\/internet\/T\/Nitot\/creador\/Firefox\/Debemos\/exito\/usuarios\/elpeputec\/20071008elpepunet_1\/Tes\" rel=\"noopener\">El Pa\u00eds<\/a>\u00bb na secci\u00f3n de tecnolox\u00eda aparece publicada a seguinte entrevista:<\/p>\n<p align=\"justify\">\u00abMike Schroepfer e Tristan Nitot son dous dos m\u00e1ximos responsables da fundaci\u00f3n Mozilla, a que non s\u00f3 est\u00e1 a cargo do Firefox, o navegador que invita a redescubrir a web, e de Mozilla Thunderbird, o seu equivalente en xesti\u00f3n de correo, se non que tam\u00e9n promove a innovaci\u00f3n e o software libre na rede. Mike \u00e9 o vicepresidente de enxe\u00f1er\u00eda a nivel mundial. Trist\u00e1n \u00e9 o presidente da fundaci\u00f3n para toda Europa. O Congreso de W3C adicado aos est\u00e1ndares da rede tr\u00f3uxoos a Espa\u00f1a. O seu encontro cos &#8216;bloggers&#8217; deixou moi claro que a difusi\u00f3n de Firefox en Espa\u00f1a \u00e9 un paso estrat\u00e9xico na s\u00faa compa\u00f1\u00eda&#8230;\u00bb<\/p>\n","protected":false},"author":5,"featured_media":0,"comment_status":"open","ping_status":"open","sticky":false,"template":"","format":"standard","meta":{"footnotes":""},"categories":[],"tags":[],"class_list":["post-36791","post","type-post","status-publish","format-standard","hentry"],"acf":[],"_links":{"self":[{"href":"https:\/\/mancomun.gal\/es\/wp-json\/wp\/v2\/posts\/36791","targetHints":{"allow":["GET"]}}],"collection":[{"href":"https:\/\/mancomun.gal\/es\/wp-json\/wp\/v2\/posts"}],"about":[{"href":"https:\/\/mancomun.gal\/es\/wp-json\/wp\/v2\/types\/post"}],"author":[{"embeddable":true,"href":"https:\/\/mancomun.gal\/es\/wp-json\/wp\/v2\/users\/5"}],"replies":[{"embeddable":true,"href":"https:\/\/mancomun.gal\/es\/wp-json\/wp\/v2\/comments?post=36791"}],"version-history":[{"count":0,"href":"https:\/\/mancomun.gal\/es\/wp-json\/wp\/v2\/posts\/36791\/revisions"}],"wp:attachment":[{"href":"https:\/\/mancomun.gal\/es\/wp-json\/wp\/v2\/media?parent=36791"}],"wp:term":[{"taxonomy":"category","embeddable":true,"href":"https:\/\/mancomun.gal\/es\/wp-json\/wp\/v2\/categories?post=36791"},{"taxonomy":"post_tag","embeddable":true,"href":"https:\/\/mancomun.gal\/es\/wp-json\/wp\/v2\/tags?post=36791"}],"curies":[{"name":"wp","href":"https:\/\/api.w.org\/{rel}","templated":true}]}}