{"id":36792,"date":"2007-10-08T13:13:51","date_gmt":"2007-10-08T11:13:51","guid":{"rendered":"https:\/\/mancomun.gal\/crecemento-de-uso-de-gnulinux-nos-ultimos-meses\/"},"modified":"2007-10-08T13:13:51","modified_gmt":"2007-10-08T11:13:51","slug":"crecemento-de-uso-de-gnulinux-nos-ultimos-meses","status":"publish","type":"post","link":"https:\/\/mancomun.gal\/es\/crecemento-de-uso-de-gnulinux-nos-ultimos-meses\/","title":{"rendered":"Crecemento de uso de GNU\/Linux nos \u00faltimos meses"},"content":{"rendered":"<div align=\"justify\">Un recente estudo de Net Applications demostra que tanto GNU\/Linux como Mac OS X creceron notablemente nos \u00faltimos meses. Polo menos, isto \u00e9 o que se deduce das cifras do estudo, que revela que desde decembro de 2006 ata setembro de 2007 GNU\/Linux aumentou do 0,37% ao 0,81% a s\u00faa cota de mercado de usuarios. <\/p>\n<p>No \u00faltimo mes GN\/Linux creceu un 0,4%, de 0,77% a 0,81%, o que demostra que a\u00ednda que est\u00e1 claro que dobrou a s\u00faa cota nos \u00faltimos meses, non creceu coa velocidade que puidese esperarse. <\/p><\/div>\n<p><\/p>\n<p>\u00a0<\/p>\n<p>Fonte: <a href=\"http:\/\/news.softpedia.com\/news\/Mac-OS-X-and-Linux-Fail-to-Compare-to-Vista-67425.shtml\" target=\"_blank\" title=\"http:\/\/news.softpedia.com\/news\/Mac-OS-X-and-Linux-Fail-to-Compare-to-Vista-67425.shtml\" rel=\"noopener\">softpedia<\/a> <\/p>\n","protected":false},"excerpt":{"rendered":"<div align=\"justify\">Un recente estudo de Net Applications demostra que tanto GNU\/Linux como Mac OS X creceron notablemente nos \u00faltimos meses. Polo menos, isto \u00e9 o que se deduce das cifras do estudo, que revela que desde decembro de 2006 ata setembro de 2007 GNU\/Linux aumentou do 0,37% ao 0,81% a s\u00faa cota de mercado de usuarios. <\/p>\n<p>No \u00faltimo mes GN\/Linux creceu un 0,4%, de 0,77% a 0,81%, o que demostra que a\u00ednda que est\u00e1 claro que dobrou a s\u00faa cota nos \u00faltimos meses, non creceu coa velocidade que puidese esperarse. <\/p><\/div>\n","protected":false},"author":5,"featured_media":0,"comment_status":"open","ping_status":"open","sticky":false,"template":"","format":"standard","meta":{"footnotes":""},"categories":[],"tags":[],"class_list":["post-36792","post","type-post","status-publish","format-standard","hentry"],"acf":[],"_links":{"self":[{"href":"https:\/\/mancomun.gal\/es\/wp-json\/wp\/v2\/posts\/36792","targetHints":{"allow":["GET"]}}],"collection":[{"href":"https:\/\/mancomun.gal\/es\/wp-json\/wp\/v2\/posts"}],"about":[{"href":"https:\/\/mancomun.gal\/es\/wp-json\/wp\/v2\/types\/post"}],"author":[{"embeddable":true,"href":"https:\/\/mancomun.gal\/es\/wp-json\/wp\/v2\/users\/5"}],"replies":[{"embeddable":true,"href":"https:\/\/mancomun.gal\/es\/wp-json\/wp\/v2\/comments?post=36792"}],"version-history":[{"count":0,"href":"https:\/\/mancomun.gal\/es\/wp-json\/wp\/v2\/posts\/36792\/revisions"}],"wp:attachment":[{"href":"https:\/\/mancomun.gal\/es\/wp-json\/wp\/v2\/media?parent=36792"}],"wp:term":[{"taxonomy":"category","embeddable":true,"href":"https:\/\/mancomun.gal\/es\/wp-json\/wp\/v2\/categories?post=36792"},{"taxonomy":"post_tag","embeddable":true,"href":"https:\/\/mancomun.gal\/es\/wp-json\/wp\/v2\/tags?post=36792"}],"curies":[{"name":"wp","href":"https:\/\/api.w.org\/{rel}","templated":true}]}}