{"id":36863,"date":"2007-10-22T09:45:59","date_gmt":"2007-10-22T07:45:59","guid":{"rendered":"https:\/\/mancomun.gal\/o-goberno-das-illas-baleares-potenciara-o-uso-do-software-libre\/"},"modified":"2007-10-22T09:45:59","modified_gmt":"2007-10-22T07:45:59","slug":"o-goberno-das-illas-baleares-potenciara-o-uso-do-software-libre","status":"publish","type":"post","link":"https:\/\/mancomun.gal\/es\/o-goberno-das-illas-baleares-potenciara-o-uso-do-software-libre\/","title":{"rendered":"O Goberno das Illas Baleares potenciar\u00e1 o uso do Software Libre"},"content":{"rendered":"<div align=\"justify\">O director xeral das TIC do goberno balear expuxo o estado de implantaci\u00f3n do Software Libre nas Baleares e as iniciativas que o goberno balear ten previsto desenvolver durante os pr\u00f3ximos catro anos para axudar \u00e1 s\u00faa difusi\u00f3n na reuni\u00f3n do grupo de traballo de Software Libre, integrado por representantes das comunidades aut\u00f3nomas e do Ministerio de Administraci\u00f3ns P\u00fablicas que tivo lugar en Palma.<\/div>\n<div align=\"justify\">\u00a0<\/div>\n<div align=\"justify\">Outras das iniciativas do goberno balear ser\u00e1n incorporar clientes de uso exclusivo de Software Libre e promover o intercambio de Software Libre na administraci\u00f3n p\u00fablica do estado. Tam\u00e9n fomentar\u00e1 ouso de Software Libre nas PEME e difundir\u00e1 as vantaxes da s\u00faa implantaci\u00f3n a trav\u00e9s de conferencias, xornadas especializadas e a promoci\u00f3n dunha feira&#8230;<\/div>\n<p><\/p>\n<p>\u00a0<\/p>\n<p>Para ler a nova completa visite a fonte orixinal:<br \/><a href=\"http:\/\/www.laflecha.net\/canales\/softlibre\/noticias\/el-govern-potenciara-el-uso-de-software-libre-en-la-administracion-autonomica-de-las-islas-baleares\" target=\"_blank\" title=\"http:\/\/www.laflecha.net\/canales\/softlibre\/noticias\/el-govern-potenciara-el-uso-de-software-libre-en-la-administracion-autonomica-de-las-islas-baleares\" rel=\"noopener\">http:\/\/www.laflecha.net<\/a><\/p>\n","protected":false},"excerpt":{"rendered":"<div align=\"justify\">O director xeral das TIC do goberno balear expuxo o estado de implantaci\u00f3n do Software Libre nas Baleares e as iniciativas que o goberno balear ten previsto desenvolver durante os pr\u00f3ximos catro anos para axudar \u00e1 s\u00faa difusi\u00f3n na reuni\u00f3n do grupo de traballo de Software Libre, integrado por representantes das comunidades aut\u00f3nomas e do Ministerio de Administraci\u00f3ns P\u00fablicas que tivo lugar en Palma.<\/div>\n<div align=\"justify\">\u00a0<\/div>\n<div align=\"justify\">Outras das iniciativas do goberno balear ser\u00e1n incorporar clientes de uso exclusivo de Software Libre e promover o intercambio de Software Libre na administraci\u00f3n p\u00fablica do estado. Tam\u00e9n fomentar\u00e1 ouso de Software Libre nas PEME e difundir\u00e1 as vantaxes da s\u00faa implantaci\u00f3n a trav\u00e9s de conferencias, xornadas especializadas e a promoci\u00f3n dunha feira&#8230;<\/div>\n","protected":false},"author":5,"featured_media":0,"comment_status":"open","ping_status":"open","sticky":false,"template":"","format":"standard","meta":{"footnotes":""},"categories":[],"tags":[],"class_list":["post-36863","post","type-post","status-publish","format-standard","hentry"],"acf":[],"_links":{"self":[{"href":"https:\/\/mancomun.gal\/es\/wp-json\/wp\/v2\/posts\/36863","targetHints":{"allow":["GET"]}}],"collection":[{"href":"https:\/\/mancomun.gal\/es\/wp-json\/wp\/v2\/posts"}],"about":[{"href":"https:\/\/mancomun.gal\/es\/wp-json\/wp\/v2\/types\/post"}],"author":[{"embeddable":true,"href":"https:\/\/mancomun.gal\/es\/wp-json\/wp\/v2\/users\/5"}],"replies":[{"embeddable":true,"href":"https:\/\/mancomun.gal\/es\/wp-json\/wp\/v2\/comments?post=36863"}],"version-history":[{"count":0,"href":"https:\/\/mancomun.gal\/es\/wp-json\/wp\/v2\/posts\/36863\/revisions"}],"wp:attachment":[{"href":"https:\/\/mancomun.gal\/es\/wp-json\/wp\/v2\/media?parent=36863"}],"wp:term":[{"taxonomy":"category","embeddable":true,"href":"https:\/\/mancomun.gal\/es\/wp-json\/wp\/v2\/categories?post=36863"},{"taxonomy":"post_tag","embeddable":true,"href":"https:\/\/mancomun.gal\/es\/wp-json\/wp\/v2\/tags?post=36863"}],"curies":[{"name":"wp","href":"https:\/\/api.w.org\/{rel}","templated":true}]}}