{"id":36866,"date":"2007-10-22T10:40:14","date_gmt":"2007-10-22T08:40:14","guid":{"rendered":"https:\/\/mancomun.gal\/primeiro-encontro-de-openbravo-en-barcelona\/"},"modified":"2023-05-09T23:38:35","modified_gmt":"2023-05-09T21:38:35","slug":"primeiro-encontro-de-openbravo-en-barcelona","status":"publish","type":"post","link":"https:\/\/mancomun.gal\/es\/primeiro-encontro-de-openbravo-en-barcelona\/","title":{"rendered":"Primeiro encontro de Openbravo en Barcelona"},"content":{"rendered":"<div class=\"parrafo\" align=\"justify\"><img loading=\"lazy\" decoding=\"async\" src=\"https:\/\/mancomun.gal\/wp-content\/uploads\/2022\/09\/openbravo.gif\" alt=\"Openbravo\" title=\"Openbravo\" hspace=\"5\" vspace=\"1\" width=\"150\" height=\"47\" align=\"left\" \/>Do 26 ao 28 de outubro ter\u00e1 lugar en Barcelona o primeiro encontro (<a href=\"http:\/\/www.openbravo.com\/ob-event\/\" target=\"_blank\" title=\"Get Together\" rel=\"noopener\">Get Together<\/a>) de Openbravo. Este evento constar\u00e1 de talleres e conferencias, restrinxidas a partners, e de presentaci\u00f3ns orientadas \u00e1 comunidade de acceso libre. A intenci\u00f3n da compa\u00f1\u00eda navarra \u00e9 reforzar a s\u00faa importante comunidade desenvolvedora e intercambiar ideas as\u00ed como desenvolver colaboraci\u00f3ns. <\/div>\n<div class=\"parrafo\" align=\"justify\">\u00a0<\/div>\n<p>\nFonte: <a href=\"http:\/\/www.openbravo.com\/ob-event\" target=\"_blank\" title=\"Openbravo\" rel=\"noopener\">Openbravo<\/a><\/p>\n","protected":false},"excerpt":{"rendered":"<div class=\"parrafo\" align=\"justify\"><img loading=\"lazy\" decoding=\"async\" src=\"https:\/\/www.mancomun.gal\/wp-content\/uploads\/uploads\/pics\/stories\/openbravo.gif\" alt=\"Openbravo\" title=\"Openbravo\" hspace=\"5\" vspace=\"1\" width=\"150\" height=\"47\" align=\"left\" \/>Do 26 ao 28 de outubro ter\u00e1 lugar en Barcelona o primeiro encontro (<a href=\"http:\/\/www.openbravo.com\/ob-event\/\" target=\"_blank\" title=\"Get Together\" rel=\"noopener\">Get Together<\/a>) de Openbravo. Este evento constar\u00e1 de talleres e conferencias, restrinxidas a partners, e de presentaci\u00f3ns orientadas \u00e1 comunidade de acceso libre. A intenci\u00f3n da compa\u00f1\u00eda navarra \u00e9 reforzar a s\u00faa importante comunidade desenvolvedora e intercambiar ideas as\u00ed como desenvolver colaboraci\u00f3ns. <\/div>\n<div class=\"parrafo\" align=\"justify\">\u00a0<\/div>\n","protected":false},"author":5,"featured_media":1321,"comment_status":"open","ping_status":"open","sticky":false,"template":"","format":"standard","meta":{"footnotes":""},"categories":[],"tags":[],"class_list":["post-36866","post","type-post","status-publish","format-standard","has-post-thumbnail","hentry"],"acf":[],"_links":{"self":[{"href":"https:\/\/mancomun.gal\/es\/wp-json\/wp\/v2\/posts\/36866","targetHints":{"allow":["GET"]}}],"collection":[{"href":"https:\/\/mancomun.gal\/es\/wp-json\/wp\/v2\/posts"}],"about":[{"href":"https:\/\/mancomun.gal\/es\/wp-json\/wp\/v2\/types\/post"}],"author":[{"embeddable":true,"href":"https:\/\/mancomun.gal\/es\/wp-json\/wp\/v2\/users\/5"}],"replies":[{"embeddable":true,"href":"https:\/\/mancomun.gal\/es\/wp-json\/wp\/v2\/comments?post=36866"}],"version-history":[{"count":1,"href":"https:\/\/mancomun.gal\/es\/wp-json\/wp\/v2\/posts\/36866\/revisions"}],"predecessor-version":[{"id":36867,"href":"https:\/\/mancomun.gal\/es\/wp-json\/wp\/v2\/posts\/36866\/revisions\/36867"}],"wp:featuredmedia":[{"embeddable":true,"href":"https:\/\/mancomun.gal\/es\/wp-json\/wp\/v2\/media\/1321"}],"wp:attachment":[{"href":"https:\/\/mancomun.gal\/es\/wp-json\/wp\/v2\/media?parent=36866"}],"wp:term":[{"taxonomy":"category","embeddable":true,"href":"https:\/\/mancomun.gal\/es\/wp-json\/wp\/v2\/categories?post=36866"},{"taxonomy":"post_tag","embeddable":true,"href":"https:\/\/mancomun.gal\/es\/wp-json\/wp\/v2\/tags?post=36866"}],"curies":[{"name":"wp","href":"https:\/\/api.w.org\/{rel}","templated":true}]}}