{"id":36878,"date":"2007-10-24T08:57:03","date_gmt":"2007-10-24T06:57:03","guid":{"rendered":"https:\/\/mancomun.gal\/xornada-sobre-software-libre-en-culleredo\/"},"modified":"2007-10-24T08:57:03","modified_gmt":"2007-10-24T06:57:03","slug":"xornada-sobre-software-libre-en-culleredo","status":"publish","type":"post","link":"https:\/\/mancomun.gal\/es\/xornada-sobre-software-libre-en-culleredo\/","title":{"rendered":"Xornada sobre Software Libre en Culleredo"},"content":{"rendered":"<p align=\"justify\">O d\u00eda 25 de outubro ter\u00e1 lugar no concello coru\u00f1\u00e9s de Culleredo unha <a href=\"http:\/\/www.galizanova.org\/gnova\/ver_nova.asp?id=1244\" target=\"_blank\" title=\"Charla sobre Software Libre\" rel=\"noopener\">charla sobre Software Libre<\/a>  para a s\u00faa difusi\u00f3n entre a mocidade e a s\u00faa importancia para o galego na sociedade da informaci\u00f3n. Contar\u00e1 cos seguintes participantes:<\/p>\n<div align=\"justify\">\n<ul>\n<li>Roberto Brenlla, promotor do Linux\/GNU<\/li>\n<li>Suso Baleato, coordinador t\u00e9cnico de Mancomun.org<\/li>\n<li>Un representante de AGASOL (Asociaci\u00f3n GAlega de empresas de SOftware Libre)<\/li>\n<li>Un representante de GPUL (grupo de usuarios da Coru\u00f1a)<\/li>\n<\/ul>\n<\/div>\n<p align=\"justify\">O evento celebrarase no Pazo de Vilaboa a partires das 5 da tarde.\u00a0 <\/p>\n<p><\/p>\n<div align=\"justify\">Est\u00e1 organizado por Galiza Nova de Culleredo. <\/div>\n","protected":false},"excerpt":{"rendered":"<p align=\"justify\">O d\u00eda 25 de outubro ter\u00e1 lugar no concello coru\u00f1\u00e9s de Culleredo unha <a href=\"http:\/\/www.galizanova.org\/gnova\/ver_nova.asp?id=1244\" target=\"_blank\" title=\"Charla sobre Software Libre\" rel=\"noopener\">charla sobre Software Libre<\/a>  para a s\u00faa difusi\u00f3n entre a mocidade e a s\u00faa importancia para o galego na sociedade da informaci\u00f3n. Contar\u00e1 cos seguintes participantes:<\/p>\n<div align=\"justify\">\n<ul>\n<li>Roberto Brenlla, promotor do Linux\/GNU<\/li>\n<li>Suso Baleato, coordinador t\u00e9cnico de Mancomun.org<\/li>\n<li>Un representante de AGASOL (Asociaci\u00f3n GAlega de empresas de SOftware Libre)<\/li>\n<li>Un representante de GPUL (grupo de usuarios da Coru\u00f1a)<\/li>\n<\/ul>\n<\/div>\n<p align=\"justify\">O evento celebrarase no Pazo de Vilaboa a partires das 5 da tarde.\u00a0 <\/p>\n","protected":false},"author":5,"featured_media":0,"comment_status":"open","ping_status":"open","sticky":false,"template":"","format":"standard","meta":{"footnotes":""},"categories":[],"tags":[],"class_list":["post-36878","post","type-post","status-publish","format-standard","hentry"],"acf":[],"_links":{"self":[{"href":"https:\/\/mancomun.gal\/es\/wp-json\/wp\/v2\/posts\/36878","targetHints":{"allow":["GET"]}}],"collection":[{"href":"https:\/\/mancomun.gal\/es\/wp-json\/wp\/v2\/posts"}],"about":[{"href":"https:\/\/mancomun.gal\/es\/wp-json\/wp\/v2\/types\/post"}],"author":[{"embeddable":true,"href":"https:\/\/mancomun.gal\/es\/wp-json\/wp\/v2\/users\/5"}],"replies":[{"embeddable":true,"href":"https:\/\/mancomun.gal\/es\/wp-json\/wp\/v2\/comments?post=36878"}],"version-history":[{"count":0,"href":"https:\/\/mancomun.gal\/es\/wp-json\/wp\/v2\/posts\/36878\/revisions"}],"wp:attachment":[{"href":"https:\/\/mancomun.gal\/es\/wp-json\/wp\/v2\/media?parent=36878"}],"wp:term":[{"taxonomy":"category","embeddable":true,"href":"https:\/\/mancomun.gal\/es\/wp-json\/wp\/v2\/categories?post=36878"},{"taxonomy":"post_tag","embeddable":true,"href":"https:\/\/mancomun.gal\/es\/wp-json\/wp\/v2\/tags?post=36878"}],"curies":[{"name":"wp","href":"https:\/\/api.w.org\/{rel}","templated":true}]}}