{"id":36886,"date":"2007-10-24T12:12:14","date_gmt":"2007-10-24T10:12:14","guid":{"rendered":"https:\/\/mancomun.gal\/o-presidente-de-bulgaria-loa-o-software-libre\/"},"modified":"2007-10-24T12:12:14","modified_gmt":"2007-10-24T10:12:14","slug":"o-presidente-de-bulgaria-loa-o-software-libre","status":"publish","type":"post","link":"https:\/\/mancomun.gal\/es\/o-presidente-de-bulgaria-loa-o-software-libre\/","title":{"rendered":"O presidente de Bulgaria loa o Software Libre"},"content":{"rendered":"<div align=\"justify\">O presidente b\u00falgaro Georgi Parvanov manifestou nunha carta o seu apoio ao Software Libre na conferencia OpenFest que tivo lugar en Sof\u00eda este fin de semana. \u00abAs tecnolox\u00edas de Software Libre axudan a resolver problemas como os de transparencia e de acceso libre da cidadan\u00eda \u00e1 informaci\u00f3n\u00bb.<\/p>\n<p>\u00abEste acontecemento axudar\u00e1 \u00e1 popularizaci\u00f3n do Software Libre en Bulgaria\u00bb, escribiu o presidente nunha resposta \u00e1 solicitude dos organizadores para se converter no presidente de honra da conferencia. \u00abHoxe en d\u00eda, \u00e9 imperativo popularizar o Software Libre e darlle soporte institucional\u00bb.<\/p><\/div>\n<div align=\"justify\"> Parvanov tam\u00e9n declarou que os proxectos de Software Libre deber\u00edan ter m\u00e1is axudas por parte do goberno. \u00abAs aplicaci\u00f3ns de Software Libre axudan a constru\u00edr pontes \u00e1 sociedade dixital\u00bb <\/p>\n<p> Ligaz\u00f3n orixinal: <br \/><a href=\"http:\/\/ec.europa.eu\/idabc\/en\/document\/7248\/469\" target=\"_blank\" title=\"http:\/\/ec.europa.eu\/idabc\/en\/document\/7248\/469\" rel=\"noopener\">http:\/\/ec.europa.eu\/idabc\/en\/document\/7248\/469<\/a><\/div>\n","protected":false},"excerpt":{"rendered":"<div align=\"justify\">O presidente b\u00falgaro Georgi Parvanov manifestou nunha carta o seu apoio ao Software Libre na conferencia OpenFest que tivo lugar en Sof\u00eda este fin de semana. \u00abAs tecnolox\u00edas de Software Libre axudan a resolver problemas como os de transparencia e de acceso libre da cidadan\u00eda \u00e1 informaci\u00f3n\u00bb.<\/p>\n<p>\u00abEste acontecemento axudar\u00e1 \u00e1 popularizaci\u00f3n do Software Libre en Bulgaria\u00bb, escribiu o presidente nunha resposta \u00e1 solicitude dos organizadores para se converter no presidente de honra da conferencia. \u00abHoxe en d\u00eda, \u00e9 imperativo popularizar o Software Libre e darlle soporte institucional\u00bb.<\/p><\/div>\n","protected":false},"author":5,"featured_media":0,"comment_status":"open","ping_status":"open","sticky":false,"template":"","format":"standard","meta":{"footnotes":""},"categories":[],"tags":[],"class_list":["post-36886","post","type-post","status-publish","format-standard","hentry"],"acf":[],"_links":{"self":[{"href":"https:\/\/mancomun.gal\/es\/wp-json\/wp\/v2\/posts\/36886","targetHints":{"allow":["GET"]}}],"collection":[{"href":"https:\/\/mancomun.gal\/es\/wp-json\/wp\/v2\/posts"}],"about":[{"href":"https:\/\/mancomun.gal\/es\/wp-json\/wp\/v2\/types\/post"}],"author":[{"embeddable":true,"href":"https:\/\/mancomun.gal\/es\/wp-json\/wp\/v2\/users\/5"}],"replies":[{"embeddable":true,"href":"https:\/\/mancomun.gal\/es\/wp-json\/wp\/v2\/comments?post=36886"}],"version-history":[{"count":0,"href":"https:\/\/mancomun.gal\/es\/wp-json\/wp\/v2\/posts\/36886\/revisions"}],"wp:attachment":[{"href":"https:\/\/mancomun.gal\/es\/wp-json\/wp\/v2\/media?parent=36886"}],"wp:term":[{"taxonomy":"category","embeddable":true,"href":"https:\/\/mancomun.gal\/es\/wp-json\/wp\/v2\/categories?post=36886"},{"taxonomy":"post_tag","embeddable":true,"href":"https:\/\/mancomun.gal\/es\/wp-json\/wp\/v2\/tags?post=36886"}],"curies":[{"name":"wp","href":"https:\/\/api.w.org\/{rel}","templated":true}]}}