{"id":36887,"date":"2007-10-24T16:59:00","date_gmt":"2007-10-24T14:59:00","guid":{"rendered":"https:\/\/mancomun.gal\/mancomun-org-convida-a-comunidade-a-participacion-no-broffice\/"},"modified":"2023-05-09T23:38:51","modified_gmt":"2023-05-09T21:38:51","slug":"mancomun-org-convida-a-comunidade-a-participacion-no-broffice","status":"publish","type":"post","link":"https:\/\/mancomun.gal\/es\/mancomun-org-convida-a-comunidade-a-participacion-no-broffice\/","title":{"rendered":"Mancomun.org convida \u00e1 comunidade \u00e1 participaci\u00f3n no BROffice"},"content":{"rendered":"<div align=\"justify\"><img loading=\"lazy\" decoding=\"async\" src=\"https:\/\/mancomun.gal\/wp-content\/uploads\/2022\/09\/broffice2007.jpg\" alt=\"BrOffice\" title=\"BrOffice\" hspace=\"5\" vspace=\"1\" width=\"98\" height=\"95\" align=\"left\" \/>Mancomun.org vai <a href=\"novas\/politicas-e-iniciativas\/mancomun.org-estara-no-broffice.org-o-2-encontro-do-openoffice.org-en-b-4.html\" target=\"_blank\" title=\"Noticia en Mancomun.org\" rel=\"noopener\">explicar a s\u00faa experiencia<\/a>  na traduci\u00f3n, distribuci\u00f3n e difusi\u00f3n de OpenOffice.org nun relatorio a trav\u00e9s de videoconferencia no <a href=\"http:\/\/www.broffice.org\/\" target=\"_blank\" title=\"BrOffice\" rel=\"noopener\">BrOffice<\/a>, encontro internacional que ter\u00e1 lugar en Brasil e que ten por obxectivo a dinamizaci\u00f3n da comunidade de desenvolvemento de OpenOffice.org, as\u00ed como promover a integraci\u00f3n con usuarios finais.<\/p>\n<p>Mancomun.org ofrece a posibilidade a persoas involucradas na traduci\u00f3n do Software Libre, no OpenOffice.org ou na lusofon\u00eda de estar presente durante o relatorio de Mancomun.org que ter\u00e1 lugar o venres 26 de outubro de 14:40 a 15:20 no reitorado da Universidade de Santiago de Compostela situado na Praza do Obradoiro.<\/p>\n<p>Debido a limitaci\u00f3ns do aforo requ\u00edrese que se confirme a asistencia enviando un correo ao enderezo <a href=\"mailto:mancomun@mancomun.org\" target=\"_blank\" title=\"mancomu@mancomun.org\" rel=\"noopener\">mancomun@mancomun.org<\/a>.<\/div>\n<p><\/p>\n","protected":false},"excerpt":{"rendered":"<div align=\"justify\"><img loading=\"lazy\" decoding=\"async\" src=\"https:\/\/www.mancomun.gal\/wp-content\/uploads\/uploads\/pics\/stories\/broffice2007.jpg\" alt=\"BrOffice\" title=\"BrOffice\" hspace=\"5\" vspace=\"1\" width=\"98\" height=\"95\" align=\"left\" \/>Mancomun.org vai <a href=\"novas\/politicas-e-iniciativas\/mancomun.org-estara-no-broffice.org-o-2-encontro-do-openoffice.org-en-b-4.html\" target=\"_blank\" title=\"Noticia en Mancomun.org\" rel=\"noopener\">explicar a s\u00faa experiencia<\/a>  na traduci\u00f3n, distribuci\u00f3n e difusi\u00f3n de OpenOffice.org nun relatorio a trav\u00e9s de videoconferencia no <a href=\"http:\/\/www.broffice.org\/\" target=\"_blank\" title=\"BrOffice\" rel=\"noopener\">BrOffice<\/a>, encontro internacional que ter\u00e1 lugar en Brasil e que ten por obxectivo a dinamizaci\u00f3n da comunidade de desenvolvemento de OpenOffice.org, as\u00ed como promover a integraci\u00f3n con usuarios finais.<\/p>\n<p>Mancomun.org ofrece a posibilidade a persoas involucradas na traduci\u00f3n do Software Libre, no OpenOffice.org ou na lusofon\u00eda de estar presente durante o relatorio de Mancomun.org que ter\u00e1 lugar o venres 26 de outubro de 14:40 a 15:20 no reitorado da Universidade de Santiago de Compostela situado na Praza do Obradoiro.<\/p>\n<p>Debido a limitaci\u00f3ns do aforo requ\u00edrese que se confirme a asistencia enviando un correo ao enderezo <a href=\"mailto:mancomun@mancomun.org\" target=\"_blank\" title=\"mancomu@mancomun.org\" rel=\"noopener\">mancomun@mancomun.org<\/a>.<\/div>\n","protected":false},"author":5,"featured_media":2988,"comment_status":"open","ping_status":"open","sticky":false,"template":"","format":"standard","meta":{"footnotes":""},"categories":[],"tags":[],"class_list":["post-36887","post","type-post","status-publish","format-standard","has-post-thumbnail","hentry"],"acf":[],"_links":{"self":[{"href":"https:\/\/mancomun.gal\/es\/wp-json\/wp\/v2\/posts\/36887","targetHints":{"allow":["GET"]}}],"collection":[{"href":"https:\/\/mancomun.gal\/es\/wp-json\/wp\/v2\/posts"}],"about":[{"href":"https:\/\/mancomun.gal\/es\/wp-json\/wp\/v2\/types\/post"}],"author":[{"embeddable":true,"href":"https:\/\/mancomun.gal\/es\/wp-json\/wp\/v2\/users\/5"}],"replies":[{"embeddable":true,"href":"https:\/\/mancomun.gal\/es\/wp-json\/wp\/v2\/comments?post=36887"}],"version-history":[{"count":1,"href":"https:\/\/mancomun.gal\/es\/wp-json\/wp\/v2\/posts\/36887\/revisions"}],"predecessor-version":[{"id":36888,"href":"https:\/\/mancomun.gal\/es\/wp-json\/wp\/v2\/posts\/36887\/revisions\/36888"}],"wp:featuredmedia":[{"embeddable":true,"href":"https:\/\/mancomun.gal\/es\/wp-json\/wp\/v2\/media\/2988"}],"wp:attachment":[{"href":"https:\/\/mancomun.gal\/es\/wp-json\/wp\/v2\/media?parent=36887"}],"wp:term":[{"taxonomy":"category","embeddable":true,"href":"https:\/\/mancomun.gal\/es\/wp-json\/wp\/v2\/categories?post=36887"},{"taxonomy":"post_tag","embeddable":true,"href":"https:\/\/mancomun.gal\/es\/wp-json\/wp\/v2\/tags?post=36887"}],"curies":[{"name":"wp","href":"https:\/\/api.w.org\/{rel}","templated":true}]}}