{"id":36889,"date":"2007-10-25T01:18:05","date_gmt":"2007-10-24T23:18:05","guid":{"rendered":"https:\/\/mancomun.gal\/lanzado-o-gimp-2-4\/"},"modified":"2023-05-09T23:38:52","modified_gmt":"2023-05-09T21:38:52","slug":"lanzado-o-gimp-2-4","status":"publish","type":"post","link":"https:\/\/mancomun.gal\/es\/lanzado-o-gimp-2-4\/","title":{"rendered":"Lanzado o GIMP 2.4"},"content":{"rendered":"<div align=\"justify\">   \t \t \t \t \t \t \t<!-- \t\t@page { size: 21cm 29.7cm; margin: 2cm } \t\tP { margin-bottom: 0.21cm } \t--> \t  <\/div>\n<p align=\"justify\"><img loading=\"lazy\" decoding=\"async\" src=\"https:\/\/mancomun.gal\/wp-content\/uploads\/2022\/09\/gimp.jpg\" border=\"0\" alt=\"http:\/\/www.mancomun.org\/images\/stories\/gimp.jpg\" title=\"http:\/\/www.mancomun.org\/images\/stories\/gimp.jpg\" hspace=\"7\" vspace=\"7\" width=\"100\" height=\"92\" align=\"left\" \/>Despois de tres versi\u00f3ns candidatas xa est\u00e1 dispo\u00f1ible a versi\u00f3n 2.4 de Gimp.Esta nova versi\u00f3n est\u00e1 traducida nun 83% ao galego grazas ao traballo da <a href=\"http:\/\/l10n.gnome.org\/languages\/gl\/\" target=\"_blank\" title=\"http:\/\/l10n.gnome.org\/languages\/gl\/\" rel=\"noopener\">comunidade galega de Gnome<\/a>  e dos voluntarios do <a href=\"http:\/\/entrans.mancomun.org\" target=\"_blank\" title=\"http:\/\/entrans.mancomun.org\" rel=\"noopener\">Entrans de mancomun.org<\/a>. En breve estar\u00e1 dispo\u00f1ible unha traduci\u00f3n completa e revisada ling\u00fcisticamente. <\/p>\n<p align=\"justify\">Entre as novidades desta nova versi\u00f3n destacan: <\/p>\n<div align=\"justify\">\n<ul>\n<li>\n<p>O \tsoporte para espazos de cor.<\/p>\n<\/li>\n<li>\n<p>As \tnovas ferramentas de selecci\u00f3n, correcci\u00f3n de \tdistorsi\u00f3ns da lente, ollos vermellos, etc.<\/p>\n<\/li>\n<li>\n<p>Men\u00fas \tredese\u00f1ados.<\/p>\n<\/li>\n<li>\n<p>Novo \testilo tango das iconas&#8230;<\/p>\n<\/li>\n<li>\n<p>Novo \tcomportamento do brillo e do contraste.<\/p>\n<\/li>\n<\/ul>\n<\/div>\n<p><\/p>\n<p>\u00a0<\/p>\n<ul>\n<li>\n<p>Brochas \tdin\u00e1micas.<\/p>\n<\/li>\n<li>\n<p>E \tmoitos cambios m\u00e1is&#8230;<\/p>\n<\/li>\n<\/ul>\n<p>P\u00e1xina oficial de GIMP: <a href=\"http:\/\/www.gimp.org\" target=\"_blank\" title=\"http:\/\/www.gimp.org\/\" rel=\"noopener\"><br \/>http:\/\/www.gimp.org\/<\/a> <\/p>\n<p>Notas da versi\u00f3n con v\u00eddeos de demostraci\u00f3n:<br \/><a href=\"http:\/\/www.gimp.org\/release-notes\/gimp-2.4.html\" target=\"_blank\" title=\"http:\/\/www.gimp.org\/release-notes\/gimp-2.4.html\" rel=\"noopener\">http:\/\/www.gimp.org\/release-notes\/gimp-2.4.html<\/a> <\/p>\n<p>\u00a0<\/p>\n","protected":false},"excerpt":{"rendered":"<div align=\"justify\">   \t \t \t \t \t \t \t<!-- \t\t@page { size: 21cm 29.7cm; margin: 2cm } \t\tP { margin-bottom: 0.21cm } \t--> \t  <\/div>\n<p align=\"justify\"><img loading=\"lazy\" decoding=\"async\" src=\"https:\/\/www.mancomun.gal\/wp-content\/uploads\/uploads\/pics\/stories\/gimp.jpg\" border=\"0\" alt=\"http:\/\/www.mancomun.org\/images\/stories\/gimp.jpg\" title=\"http:\/\/www.mancomun.org\/images\/stories\/gimp.jpg\" hspace=\"7\" vspace=\"7\" width=\"100\" height=\"92\" align=\"left\" \/>Despois de tres versi\u00f3ns candidatas xa est\u00e1 dispo\u00f1ible a versi\u00f3n 2.4 de Gimp.Esta nova versi\u00f3n est\u00e1 traducida nun 83% ao galego grazas ao traballo da <a href=\"http:\/\/l10n.gnome.org\/languages\/gl\/\" target=\"_blank\" title=\"http:\/\/l10n.gnome.org\/languages\/gl\/\" rel=\"noopener\">comunidade galega de Gnome<\/a>  e dos voluntarios do <a href=\"http:\/\/entrans.mancomun.org\" target=\"_blank\" title=\"http:\/\/entrans.mancomun.org\" rel=\"noopener\">Entrans de mancomun.org<\/a>. En breve estar\u00e1 dispo\u00f1ible unha traduci\u00f3n completa e revisada ling\u00fcisticamente. <\/p>\n<p align=\"justify\">Entre as novidades desta nova versi\u00f3n destacan: <\/p>\n<div align=\"justify\">\n<ul>\n<li>\n<p>O \tsoporte para espazos de cor.<\/p>\n<\/li>\n<li>\n<p>As \tnovas ferramentas de selecci\u00f3n, correcci\u00f3n de \tdistorsi\u00f3ns da lente, ollos vermellos, etc.<\/p>\n<\/li>\n<li>\n<p>Men\u00fas \tredese\u00f1ados.<\/p>\n<\/li>\n<li>\n<p>Novo \testilo tango das iconas&#8230;<\/p>\n<\/li>\n<li>\n<p>Novo \tcomportamento do brillo e do contraste.<\/p>\n<\/li>\n<\/ul>\n<\/div>\n","protected":false},"author":5,"featured_media":1668,"comment_status":"open","ping_status":"open","sticky":false,"template":"","format":"standard","meta":{"footnotes":""},"categories":[],"tags":[],"class_list":["post-36889","post","type-post","status-publish","format-standard","has-post-thumbnail","hentry"],"acf":[],"_links":{"self":[{"href":"https:\/\/mancomun.gal\/es\/wp-json\/wp\/v2\/posts\/36889","targetHints":{"allow":["GET"]}}],"collection":[{"href":"https:\/\/mancomun.gal\/es\/wp-json\/wp\/v2\/posts"}],"about":[{"href":"https:\/\/mancomun.gal\/es\/wp-json\/wp\/v2\/types\/post"}],"author":[{"embeddable":true,"href":"https:\/\/mancomun.gal\/es\/wp-json\/wp\/v2\/users\/5"}],"replies":[{"embeddable":true,"href":"https:\/\/mancomun.gal\/es\/wp-json\/wp\/v2\/comments?post=36889"}],"version-history":[{"count":1,"href":"https:\/\/mancomun.gal\/es\/wp-json\/wp\/v2\/posts\/36889\/revisions"}],"predecessor-version":[{"id":36890,"href":"https:\/\/mancomun.gal\/es\/wp-json\/wp\/v2\/posts\/36889\/revisions\/36890"}],"wp:featuredmedia":[{"embeddable":true,"href":"https:\/\/mancomun.gal\/es\/wp-json\/wp\/v2\/media\/1668"}],"wp:attachment":[{"href":"https:\/\/mancomun.gal\/es\/wp-json\/wp\/v2\/media?parent=36889"}],"wp:term":[{"taxonomy":"category","embeddable":true,"href":"https:\/\/mancomun.gal\/es\/wp-json\/wp\/v2\/categories?post=36889"},{"taxonomy":"post_tag","embeddable":true,"href":"https:\/\/mancomun.gal\/es\/wp-json\/wp\/v2\/tags?post=36889"}],"curies":[{"name":"wp","href":"https:\/\/api.w.org\/{rel}","templated":true}]}}