{"id":36891,"date":"2007-10-25T09:30:55","date_gmt":"2007-10-25T07:30:55","guid":{"rendered":"https:\/\/mancomun.gal\/bota-a-andar-o-master-en-software-libre-de-caixanova\/"},"modified":"2023-05-09T23:38:53","modified_gmt":"2023-05-09T21:38:53","slug":"bota-a-andar-o-master-en-software-libre-de-caixanova","status":"publish","type":"post","link":"https:\/\/mancomun.gal\/es\/bota-a-andar-o-master-en-software-libre-de-caixanova\/","title":{"rendered":"Bota a andar o M\u00e1ster en Software Libre de Caixanova"},"content":{"rendered":"<p align=\"justify\"><img loading=\"lazy\" decoding=\"async\" src=\"https:\/\/mancomun.gal\/wp-content\/uploads\/2022\/09\/master_swl.jpg\" alt=\"M\u00e1ster de Software Libre de Caixanova\" title=\"M\u00e1ster de Software Libre de Caixanova\" hspace=\"5\" vspace=\"1\" width=\"153\" height=\"155\" align=\"left\" \/>O pasado venres 19 de outubro deu comezo o <a href=\"novas\/educacion\/master-de-software-libre-de-caixanova-en-colaboracion-coa-universidad-rey-juan-carlos-e-i-3.html\" target=\"_blank\" title=\"M\u00e1ster en Software Libre de Caixanova\" rel=\"noopener\">M\u00e1ster en Software Libre de Caixanova<\/a>  en colaboraci\u00f3n con <a href=\"http:\/\/www.igalia.com\/\" target=\"_blank\" title=\"Igalia\" rel=\"noopener\">Igalia<\/a>  e\u00a0 o <a href=\"http:\/\/libresoft.urjc.es\/index\" target=\"_blank\" title=\"Grupo Libresoft\" rel=\"noopener\">grupo LibreSoft da Universidad Rey Juan Carlos<\/a>. As oito persoas inscritas neste programa de formaci\u00f3n asistiron \u00e1 presentaci\u00f3n por parte de Jes\u00fas Gonz\u00e1lez Barahona, profesor da Universidad Rey Juan Carlos. <\/p>\n<p align=\"justify\">O m\u00e1ster desenv\u00f3lvese en sesi\u00f3ns de fin de semana e rematar\u00e1 en setembro do vindeiro ano. Os alumnos desenvolver\u00e1n as s\u00faas pr\u00e1cticas en empresas como Igalia ou Telef\u00f3nica I+D.\u00a0 No <a href=\"http:\/\/blogs.igalia.com\/chema\/?p=35\" target=\"_blank\" title=\"Blogue de Chema Casanova\" rel=\"noopener\">blogue de Chema Casanova<\/a>  de Igalia atoparedes m\u00e1is detalles desta iniciativa. <\/p>\n<p><\/p>\n<p align=\"justify\">Este m\u00e1ster ten por obxectivo formar a profesionais para desenvolver proxectos internacionais de Software Libre. Outro aliciente para os alumnos ser\u00e1n as bolsas <em>Morfeo<\/em>, promovidas por Telef\u00f3nica I+D, e <em>GNOME<\/em>, promovida por Igalia, que achegar\u00e1n unha axuda de 3.000 euros e a posibilidade de facer o <em>practicum<\/em> nestas empresas.<\/p>\n<p style=\"margin-bottom: 0cm\" align=\"justify\">O enfoque internacional do M\u00e1ster de Software Libre, cun marcado car\u00e1cter pr\u00e1ctico e enfocado \u00e1 empresa, suxer\u00eda solicitar a colaboraci\u00f3n de persoeiros de renome internacional que acheguen a relaci\u00f3n da comunidade de Software Libre coa empresa:<\/p>\n<div align=\"justify\"> <\/div>\n<ul>\n<li>Miguel de Icaza, vicepresidente de Developer Platform en Novell, fundador do proxecto GNOME e impulsor do proxecto Mono.<\/li>\n<\/ul>\n<div align=\"justify\">  <\/div>\n<ul>\n<li>Richard Stallman, presidente da FSF e fundador do proxecto GNU.<\/li>\n<li>Bdale Garbee, xefe tecnol\u00f3xico da \u00e1rea Open Source &#038; Linux de HP a nivel mundial e tam\u00e9n presidente de Software in the Public Interest.<\/li>\n<li>Carlos Guerreiro, l\u00edder de OSSO Desktop team en Nokia Multimedia, relacionado directamente co proxecto Maemo.<\/li>\n<li>Alberto Abella, director de desenvolvemento corporativo da Fundaci\u00f3n CENATIC e co-autor do <a href=\"http:\/\/libroblanco.com\/joomla\" target=\"_blank\" title=\"http:\/\/libroblanco.com\/joomla\/\" rel=\"noopener\">Libro Blanco de Software Libre<\/a> .<\/li>\n<li>Marcelo D\u2019Elia Branco, coordinador do proxecto \u201cRed Internacional de las Administraciones P\u00fablicas por el Software Libre\u201d.  <\/li>\n<\/ul>\n<div align=\"justify\">  <\/div>\n<p align=\"justify\">Todos os membros do comit\u00e9 asesor participar\u00e1n de forma activa durante o curso acad\u00e9mico, impartindo unha conferencia maxistral aberta ao p\u00fablico e un seminario espec\u00edfico exclusivo para os alumnos do M\u00e1ster.<\/p>\n<p align=\"justify\">\u00a0<\/p>\n","protected":false},"excerpt":{"rendered":"<p align=\"justify\"><img loading=\"lazy\" decoding=\"async\" src=\"https:\/\/www.mancomun.gal\/wp-content\/uploads\/uploads\/pics\/stories\/master_swl.jpg\" alt=\"M\u00e1ster de Software Libre de Caixanova\" title=\"M\u00e1ster de Software Libre de Caixanova\" hspace=\"5\" vspace=\"1\" width=\"153\" height=\"155\" align=\"left\" \/>O pasado venres 19 de outubro deu comezo o <a href=\"novas\/educacion\/master-de-software-libre-de-caixanova-en-colaboracion-coa-universidad-rey-juan-carlos-e-i-3.html\" target=\"_blank\" title=\"M\u00e1ster en Software Libre de Caixanova\" rel=\"noopener\">M\u00e1ster en Software Libre de Caixanova<\/a>  en colaboraci\u00f3n con <a href=\"http:\/\/www.igalia.com\/\" target=\"_blank\" title=\"Igalia\" rel=\"noopener\">Igalia<\/a>  e\u00a0 o <a href=\"http:\/\/libresoft.urjc.es\/index\" target=\"_blank\" title=\"Grupo Libresoft\" rel=\"noopener\">grupo LibreSoft da Universidad Rey Juan Carlos<\/a>. As oito persoas inscritas neste programa de formaci\u00f3n asistiron \u00e1 presentaci\u00f3n por parte de Jes\u00fas Gonz\u00e1lez Barahona, profesor da Universidad Rey Juan Carlos. <\/p>\n<p align=\"justify\">O m\u00e1ster desenv\u00f3lvese en sesi\u00f3ns de fin de semana e rematar\u00e1 en setembro do vindeiro ano. Os alumnos desenvolver\u00e1n as s\u00faas pr\u00e1cticas en empresas como Igalia ou Telef\u00f3nica I+D.\u00a0 No <a href=\"http:\/\/blogs.igalia.com\/chema\/?p=35\" target=\"_blank\" title=\"Blogue de Chema Casanova\" rel=\"noopener\">blogue de Chema Casanova<\/a>  de Igalia atoparedes m\u00e1is detalles desta iniciativa. <\/p>\n","protected":false},"author":5,"featured_media":2208,"comment_status":"open","ping_status":"open","sticky":false,"template":"","format":"standard","meta":{"footnotes":""},"categories":[],"tags":[],"class_list":["post-36891","post","type-post","status-publish","format-standard","has-post-thumbnail","hentry"],"acf":[],"_links":{"self":[{"href":"https:\/\/mancomun.gal\/es\/wp-json\/wp\/v2\/posts\/36891","targetHints":{"allow":["GET"]}}],"collection":[{"href":"https:\/\/mancomun.gal\/es\/wp-json\/wp\/v2\/posts"}],"about":[{"href":"https:\/\/mancomun.gal\/es\/wp-json\/wp\/v2\/types\/post"}],"author":[{"embeddable":true,"href":"https:\/\/mancomun.gal\/es\/wp-json\/wp\/v2\/users\/5"}],"replies":[{"embeddable":true,"href":"https:\/\/mancomun.gal\/es\/wp-json\/wp\/v2\/comments?post=36891"}],"version-history":[{"count":1,"href":"https:\/\/mancomun.gal\/es\/wp-json\/wp\/v2\/posts\/36891\/revisions"}],"predecessor-version":[{"id":36892,"href":"https:\/\/mancomun.gal\/es\/wp-json\/wp\/v2\/posts\/36891\/revisions\/36892"}],"wp:featuredmedia":[{"embeddable":true,"href":"https:\/\/mancomun.gal\/es\/wp-json\/wp\/v2\/media\/2208"}],"wp:attachment":[{"href":"https:\/\/mancomun.gal\/es\/wp-json\/wp\/v2\/media?parent=36891"}],"wp:term":[{"taxonomy":"category","embeddable":true,"href":"https:\/\/mancomun.gal\/es\/wp-json\/wp\/v2\/categories?post=36891"},{"taxonomy":"post_tag","embeddable":true,"href":"https:\/\/mancomun.gal\/es\/wp-json\/wp\/v2\/tags?post=36891"}],"curies":[{"name":"wp","href":"https:\/\/api.w.org\/{rel}","templated":true}]}}