{"id":36893,"date":"2007-10-25T09:58:15","date_gmt":"2007-10-25T07:58:15","guid":{"rendered":"https:\/\/mancomun.gal\/proxecto-hermes-de-gpul-para-distribucion-de-software-libre-a-nivel-mundial\/"},"modified":"2023-05-09T23:38:54","modified_gmt":"2023-05-09T21:38:54","slug":"proxecto-hermes-de-gpul-para-distribucion-de-software-libre-a-nivel-mundial","status":"publish","type":"post","link":"https:\/\/mancomun.gal\/es\/proxecto-hermes-de-gpul-para-distribucion-de-software-libre-a-nivel-mundial\/","title":{"rendered":"Proxecto Hermes de GPUL para distribuci\u00f3n de Software Libre a nivel mundial"},"content":{"rendered":"<p align=\"justify\"><img loading=\"lazy\" decoding=\"async\" src=\"https:\/\/mancomun.gal\/wp-content\/uploads\/2022\/09\/logogpul_sin_cuadro.jpg\" border=\"0\" alt=\"http:\/\/www.mancomun.org\/images\/stories\/logogpul_sin_cuadro.jpg\" title=\"http:\/\/www.mancomun.org\/images\/stories\/logogpul_sin_cuadro.jpg\" hspace=\"7\" vspace=\"7\" width=\"124\" height=\"124\" align=\"right\" \/>Vemos na p\u00e1xina de <a href=\"http:\/\/gpul.org\/node\/view\/501\" target=\"_blank\" title=\"http:\/\/gpul.org\/node\/view\/501\" rel=\"noopener\">GPUL<\/a>  o anuncio de presentaci\u00f3n dun novo proxecto: <a href=\"http:\/\/gpul.grupos.udc.es\/drupal\/?q=es\/node\/15\" target=\"_blank\" title=\"http:\/\/gpul.grupos.udc.es\/drupal\/?q=es\/node\/15\" rel=\"noopener\">Hermes<\/a>.<\/p>\n<p align=\"justify\">\u00abO proxecto ten por obxectivo levar o Software Libre al\u00e1 onde non chega a banda larga, ou, directamente, onde non chega Internet. A veces non somos conscientes, nestes d\u00edas nos que, incluso o peor [[ISP]] nos permite baixar calquera das nosas distribuci\u00f3ns favoritas, de que m\u00e1is al\u00e1 das nosas fronteiras hai moita xente que necesita el Software Libre, pero non pode acceder polas limitaci\u00f3ns da rede.<\/p>\n<p align=\"justify\">En GPUL queremos mirar cara esa xente, ou o que \u00e9 o mesmo, mirar 9 anos atr\u00e1s cando arrancou a asociaci\u00f3n e, facendo uso do correo postal, ampliar o n\u00famero de beneficiarios do Software Libre.<\/p>\n<p> Non temos previsi\u00f3ns do alcance e importancia que este novo proxecto poida ter. En calquera caso, intentaremos manter lazos con outros grupos de Software Libre por todo o mundo para poder facer unha rede mundial e optimizar as\u00ed os env\u00edos a cada zona&#8230;\u00bb<\/p>\n<p>P\u00e1xina do <a href=\"http:\/\/gpul.grupos.udc.es\/drupal\/?q=es\/node\/15\" target=\"_blank\" title=\"http:\/\/gpul.grupos.udc.es\/drupal\/?q=es\/node\/15\" rel=\"noopener\">proxecto Hermes<\/a>.<\/p>\n","protected":false},"excerpt":{"rendered":"<p align=\"justify\"><img loading=\"lazy\" decoding=\"async\" src=\"https:\/\/www.mancomun.gal\/wp-content\/uploads\/uploads\/pics\/stories\/logogpul_sin_cuadro.jpg\" border=\"0\" alt=\"http:\/\/www.mancomun.org\/images\/stories\/logogpul_sin_cuadro.jpg\" title=\"http:\/\/www.mancomun.org\/images\/stories\/logogpul_sin_cuadro.jpg\" hspace=\"7\" vspace=\"7\" width=\"124\" height=\"124\" align=\"right\" \/>Vemos na p\u00e1xina de <a href=\"http:\/\/gpul.org\/node\/view\/501\" target=\"_blank\" title=\"http:\/\/gpul.org\/node\/view\/501\" rel=\"noopener\">GPUL<\/a>  o anuncio de presentaci\u00f3n dun novo proxecto: <a href=\"http:\/\/gpul.grupos.udc.es\/drupal\/?q=es\/node\/15\" target=\"_blank\" title=\"http:\/\/gpul.grupos.udc.es\/drupal\/?q=es\/node\/15\" rel=\"noopener\">Hermes<\/a>.<\/p>\n<p align=\"justify\">\u00abO proxecto ten por obxectivo levar o Software Libre al\u00e1 onde non chega a banda larga, ou, directamente, onde non chega Internet. A veces non somos conscientes, nestes d\u00edas nos que, incluso o peor [[ISP]] nos permite baixar calquera das nosas distribuci\u00f3ns favoritas, de que m\u00e1is al\u00e1 das nosas fronteiras hai moita xente que necesita el Software Libre, pero non pode acceder polas limitaci\u00f3ns da rede.<\/p>\n<p align=\"justify\">En GPUL queremos mirar cara esa xente, ou o que \u00e9 o mesmo, mirar 9 anos atr\u00e1s cando arrancou a asociaci\u00f3n e, facendo uso do correo postal, ampliar o n\u00famero de beneficiarios do Software Libre.<\/p>\n<p> Non temos previsi\u00f3ns do alcance e importancia que este novo proxecto poida ter. En calquera caso, intentaremos manter lazos con outros grupos de Software Libre por todo o mundo para poder facer unha rede mundial e optimizar as\u00ed os env\u00edos a cada zona&#8230;\u00bb<\/p>\n","protected":false},"author":5,"featured_media":242,"comment_status":"open","ping_status":"open","sticky":false,"template":"","format":"standard","meta":{"footnotes":""},"categories":[],"tags":[],"class_list":["post-36893","post","type-post","status-publish","format-standard","has-post-thumbnail","hentry"],"acf":[],"_links":{"self":[{"href":"https:\/\/mancomun.gal\/es\/wp-json\/wp\/v2\/posts\/36893","targetHints":{"allow":["GET"]}}],"collection":[{"href":"https:\/\/mancomun.gal\/es\/wp-json\/wp\/v2\/posts"}],"about":[{"href":"https:\/\/mancomun.gal\/es\/wp-json\/wp\/v2\/types\/post"}],"author":[{"embeddable":true,"href":"https:\/\/mancomun.gal\/es\/wp-json\/wp\/v2\/users\/5"}],"replies":[{"embeddable":true,"href":"https:\/\/mancomun.gal\/es\/wp-json\/wp\/v2\/comments?post=36893"}],"version-history":[{"count":1,"href":"https:\/\/mancomun.gal\/es\/wp-json\/wp\/v2\/posts\/36893\/revisions"}],"predecessor-version":[{"id":36894,"href":"https:\/\/mancomun.gal\/es\/wp-json\/wp\/v2\/posts\/36893\/revisions\/36894"}],"wp:featuredmedia":[{"embeddable":true,"href":"https:\/\/mancomun.gal\/es\/wp-json\/wp\/v2\/media\/242"}],"wp:attachment":[{"href":"https:\/\/mancomun.gal\/es\/wp-json\/wp\/v2\/media?parent=36893"}],"wp:term":[{"taxonomy":"category","embeddable":true,"href":"https:\/\/mancomun.gal\/es\/wp-json\/wp\/v2\/categories?post=36893"},{"taxonomy":"post_tag","embeddable":true,"href":"https:\/\/mancomun.gal\/es\/wp-json\/wp\/v2\/tags?post=36893"}],"curies":[{"name":"wp","href":"https:\/\/api.w.org\/{rel}","templated":true}]}}