{"id":36901,"date":"2007-10-26T09:36:07","date_gmt":"2007-10-26T07:36:07","guid":{"rendered":"https:\/\/mancomun.gal\/dous-proxectos-empresariais-vinculados-coa-escola-informatica-de-ourense-teran-presenza-no-simo\/"},"modified":"2007-10-26T09:36:07","modified_gmt":"2007-10-26T07:36:07","slug":"dous-proxectos-empresariais-vinculados-coa-escola-informatica-de-ourense-teran-presenza-no-simo","status":"publish","type":"post","link":"https:\/\/mancomun.gal\/es\/dous-proxectos-empresariais-vinculados-coa-escola-informatica-de-ourense-teran-presenza-no-simo\/","title":{"rendered":"Dous proxectos empresariais vinculados coa Escola Inform\u00e1tica de Ourense ter\u00e1n presenza no SIMO"},"content":{"rendered":"<p align=\"justify\">Dous proxectos empresariais xurdidos da <a href=\"http:\/\/www.ei.uvigo.es\/\" target=\"_blank\" title=\"EI Ourense\" rel=\"noopener\">Escola Superior de Enxe\u00f1er\u00eda Inform\u00e1tica do Campus de Ourense<\/a>  resultaron premiados cun espazo, denominado viveiro, no <a href=\"http:\/\/www.ifema.es\/ferias\/simo\/default.html\" target=\"_blank\" title=\"SIMO\" rel=\"noopener\">SIMO<\/a>, a m\u00e1is grande feira internacional de inform\u00e1tica multimedia e comunicaci\u00f3ns.\u00a0 As empresas <a href=\"http:\/\/www.redegal.com\/\" target=\"_blank\" title=\"Redegal\" rel=\"noopener\">Redegal<\/a>  e <a href=\"http:\/\/imagos.es\/\" target=\"_blank\" title=\"Imagos\" rel=\"noopener\">Imagos<\/a>  foron elixidos con outros cincuenta proxectos de novos emprendedores con propostas relevantes tecnoloxicamente para contar cun espazo gratu\u00edto neste gran evento.<\/p>\n<p><\/p>\n<p align=\"justify\">    Imagos est\u00e1 formada polos creadores e actuais l\u00edderes do Proxecto <a href=\"http:\/\/trisquel.uvigo.es\" target=\"_blank\" rel=\"noopener\">Trisquel<\/a> que ten por obxectivo a construci\u00f3n dun sistema operativo libre de alta calidade en galego normativo. Imagos tam\u00e9n desenvolveu a <a href=\"http:\/\/trisquel.uvigo.es\/es\/node\/277\" target=\"_blank\" title=\"Trisguel para PEME\" rel=\"noopener\">Trisguel GNU\/Linux PyME<\/a>, unha distribuci\u00f3n orientada a pequenas e medianas empresas. <\/p>\n<p align=\"justify\">Redegal presentar\u00e1 a s\u00faa soluci\u00f3n Sketch Arm que permite a reducci\u00f3n do tempo en dese\u00f1o de armarios feitos a medida. O investigador da escola de Ourense, Celso Campos, est\u00e1 a desenvolver unha versi\u00f3n para Linux desta aplicaci\u00f3n. Ademais Redegal tam\u00e9n presentar\u00e1 unha soluci\u00f3n que\u00a0 permitir\u00e1 conectar redes sen f\u00edos nas zonas rurais a trav\u00e9s do emprego de Software Libre e na que colaboran os profesores Javier Rodeiro Iglesias e Miguel D\u00edaz-Cacho Medina. <\/p>\n","protected":false},"excerpt":{"rendered":"<p align=\"justify\">Dous proxectos empresariais xurdidos da <a href=\"http:\/\/www.ei.uvigo.es\/\" target=\"_blank\" title=\"EI Ourense\" rel=\"noopener\">Escola Superior de Enxe\u00f1er\u00eda Inform\u00e1tica do Campus de Ourense<\/a>  resultaron premiados cun espazo, denominado viveiro, no <a href=\"http:\/\/www.ifema.es\/ferias\/simo\/default.html\" target=\"_blank\" title=\"SIMO\" rel=\"noopener\">SIMO<\/a>, a m\u00e1is grande feira internacional de inform\u00e1tica multimedia e comunicaci\u00f3ns.\u00a0 As empresas <a href=\"http:\/\/www.redegal.com\/\" target=\"_blank\" title=\"Redegal\" rel=\"noopener\">Redegal<\/a>  e <a href=\"http:\/\/imagos.es\/\" target=\"_blank\" title=\"Imagos\" rel=\"noopener\">Imagos<\/a>  foron elixidos con outros cincuenta proxectos de novos emprendedores con propostas relevantes tecnoloxicamente para contar cun espazo gratu\u00edto neste gran evento.<\/p>\n","protected":false},"author":5,"featured_media":0,"comment_status":"open","ping_status":"open","sticky":false,"template":"","format":"standard","meta":{"footnotes":""},"categories":[],"tags":[],"class_list":["post-36901","post","type-post","status-publish","format-standard","hentry"],"acf":[],"_links":{"self":[{"href":"https:\/\/mancomun.gal\/es\/wp-json\/wp\/v2\/posts\/36901","targetHints":{"allow":["GET"]}}],"collection":[{"href":"https:\/\/mancomun.gal\/es\/wp-json\/wp\/v2\/posts"}],"about":[{"href":"https:\/\/mancomun.gal\/es\/wp-json\/wp\/v2\/types\/post"}],"author":[{"embeddable":true,"href":"https:\/\/mancomun.gal\/es\/wp-json\/wp\/v2\/users\/5"}],"replies":[{"embeddable":true,"href":"https:\/\/mancomun.gal\/es\/wp-json\/wp\/v2\/comments?post=36901"}],"version-history":[{"count":0,"href":"https:\/\/mancomun.gal\/es\/wp-json\/wp\/v2\/posts\/36901\/revisions"}],"wp:attachment":[{"href":"https:\/\/mancomun.gal\/es\/wp-json\/wp\/v2\/media?parent=36901"}],"wp:term":[{"taxonomy":"category","embeddable":true,"href":"https:\/\/mancomun.gal\/es\/wp-json\/wp\/v2\/categories?post=36901"},{"taxonomy":"post_tag","embeddable":true,"href":"https:\/\/mancomun.gal\/es\/wp-json\/wp\/v2\/tags?post=36901"}],"curies":[{"name":"wp","href":"https:\/\/api.w.org\/{rel}","templated":true}]}}