{"id":36915,"date":"2007-10-29T10:26:18","date_gmt":"2007-10-29T09:26:18","guid":{"rendered":"https:\/\/mancomun.gal\/mancomun-org-convida-as-empresas-tic-a-participar-nun-dvd-libre-para-a-peme\/"},"modified":"2023-05-09T23:48:15","modified_gmt":"2023-05-09T21:48:15","slug":"mancomun-org-convida-as-empresas-tic-a-participar-nun-dvd-libre-para-a-peme","status":"publish","type":"post","link":"https:\/\/mancomun.gal\/es\/mancomun-org-convida-as-empresas-tic-a-participar-nun-dvd-libre-para-a-peme\/","title":{"rendered":"Mancomun.org convida \u00e1s empresas TIC a participar nun DVD libre para a PEME"},"content":{"rendered":"<p><!-- \t\t@page { size: 21cm 29.7cm; margin: 2cm } \t\tP { margin-bottom: 0.21cm } \t--> \t    <\/p>\n<p style=\"margin-bottom: 0cm\" align=\"justify\"><img loading=\"lazy\" decoding=\"async\" src=\"https:\/\/mancomun.gal\/wp-content\/uploads\/2022\/09\/logo_mancomun.png\" alt=\"Mancomun.org\" title=\"Mancomun.org\" hspace=\"5\" vspace=\"1\" width=\"167\" height=\"27\" align=\"left\" \/><u><strong>ACTUALIZACI\u00d3N: <a href=\"novas\/eventos\/adiantase-a-hora-de-comezo-da-presentacion-do-dvd-ferramentas-informaticas-para-a-3.html\" target=\"_blank\" title=\"http:\/\/www.mancomun.org\/novas\/eventos\/adiantase-a-hora-de-comezo-da-presentacion-do-dvd-ferramentas-informaticas-para-a-3.html\" rel=\"noopener\">Adi\u00e1ntase a hora de presentaci\u00f3n as 16:00 horas<\/a> <\/strong><\/u><\/p>\n<p>Mancomun.org convida \u00e1s empresas das tecnolox\u00edas da informaci\u00f3n e da comunicaci\u00f3n a participar na xornada de traballo sobre o <strong>DVD <\/strong><em><strong>Ferramentas Inform\u00e1ticas para a PEME<\/strong>,<\/em><span style=\"font-style: normal\"> <\/span> recompilaci\u00f3n de ferramentas inform\u00e1ticas de licenza libre que cobren as necesidades com\u00fans das empresas do noso pa\u00eds no uso das novas tecnolox\u00edas.<\/p>\n<p style=\"margin-bottom: 0cm\" align=\"justify\">O evento ter\u00e1 lugar en Santiago de Compostela no Hotel Porta do Cami\u00f1o (R\u00faa Miguel Ferro Caaveiro, s\/n. -ao p\u00e9 do Palacio de Congresos e Exposici\u00f3ns en San L\u00e1zaro-) o d\u00eda <strong>7 de novembro<\/strong> e dar\u00e1 comezo \u00e1s 16:30 horas co seguinte programa:<\/p>\n<p style=\"margin-bottom: 0cm\" align=\"justify\"><strong>16:30<\/strong>  Recepci\u00f3n, entrega de material. Caf\u00e9 ou t\u00e9 de cortes\u00eda.<\/p>\n<p style=\"margin-bottom: 0cm\" align=\"justify\"><strong>17:00<\/strong>  Benvida e presentaci\u00f3n da iniciativa a cargo de Helena Veiguela, Directora Xeral de Promoci\u00f3n Industrial e da Sociedade da Informaci\u00f3n, Consellar\u00eda de Innovaci\u00f3n e Industria.<\/p>\n<p style=\"margin-bottom: 0cm\" align=\"justify\"><strong>17:30<\/strong>  Demostraci\u00f3n do DVD<\/p>\n<p style=\"margin-bottom: 0cm\" align=\"justify\"><strong>17:40<\/strong>  Mesa redonda sobre a iniciativa moderada por  Xes\u00fas Manuel Ben\u00edtez Baleato, Coordinador de Mancomun.org coa participaci\u00f3n de:<\/p>\n<ul>\n<li>           <em>\t<\/em>Helena Veiguela Mart\u00ednez, Directora Xeral de Promoci\u00f3n Industrial e da Sociedade da Informaci\u00f3n, Consellar\u00eda de Innovaci\u00f3n e Industria.<\/li>\n<li>\tJavier V\u00e1zquez, Presidente de AGASOL, Asociaci\u00f3n Galega de Empresas de Software Libre.<\/li>\n<li>\tFrancisco Rodr\u00edguez, membro do Grupo de Investigaci\u00f3n de Ferramentas Abertas de Xesti\u00f3n Empresarial da ESEI de Ourense, Universidade de Vigo.<\/li>\n<\/ul>\n<p style=\"margin-bottom: 0cm\" align=\"justify\"><strong>18:40<\/strong> Posta en com\u00fan da mesa co p\u00fablico asistente acerca do DVD das PEME<\/p>\n<p style=\"margin-bottom: 0cm\" align=\"justify\"><strong>19:30<\/strong>  Aperitivo e Vi\u00f1o Galego<\/p>\n<p style=\"margin-bottom: 0cm\" align=\"justify\">Por motivos de aforo <u>requ\u00edrese<\/u> confirmaci\u00f3n de asistencia enviando correo electr\u00f3nico a <a href=\"mailto:eventos@mancomun.org\">eventos@mancomun.org<\/a>.<\/p>\n<p><\/p>\n","protected":false},"excerpt":{"rendered":"<p><!-- \t\t@page { size: 21cm 29.7cm; margin: 2cm } \t\tP { margin-bottom: 0.21cm } \t--> \t    <\/p>\n<p style=\"margin-bottom: 0cm\" align=\"justify\"><img loading=\"lazy\" decoding=\"async\" src=\"https:\/\/www.mancomun.gal\/wp-content\/uploads\/uploads\/pics\/stories\/logo_mancomun.png\" alt=\"Mancomun.org\" title=\"Mancomun.org\" hspace=\"5\" vspace=\"1\" width=\"167\" height=\"27\" align=\"left\" \/><u><strong>ACTUALIZACI\u00d3N: <a href=\"novas\/eventos\/adiantase-a-hora-de-comezo-da-presentacion-do-dvd-ferramentas-informaticas-para-a-3.html\" target=\"_blank\" title=\"http:\/\/www.mancomun.org\/novas\/eventos\/adiantase-a-hora-de-comezo-da-presentacion-do-dvd-ferramentas-informaticas-para-a-3.html\" rel=\"noopener\">Adi\u00e1ntase a hora de presentaci\u00f3n as 16:00 horas<\/a> <\/strong><\/u><\/p>\n<p>Mancomun.org convida \u00e1s empresas das tecnolox\u00edas da informaci\u00f3n e da comunicaci\u00f3n a participar na xornada de traballo sobre o <strong>DVD <\/strong><em><strong>Ferramentas Inform\u00e1ticas para a PEME<\/strong>,<\/em><span style=\"font-style: normal\"> <\/span> recompilaci\u00f3n de ferramentas inform\u00e1ticas de licenza libre que cobren as necesidades com\u00fans das empresas do noso pa\u00eds no uso das novas tecnolox\u00edas.<\/p>\n<p style=\"margin-bottom: 0cm\" align=\"justify\">O evento ter\u00e1 lugar en Santiago de Compostela no Hotel Porta do Cami\u00f1o (R\u00faa Miguel Ferro Caaveiro, s\/n. -ao p\u00e9 do Palacio de Congresos e Exposici\u00f3ns en San L\u00e1zaro-) o d\u00eda <strong>7 de novembro<\/strong> e dar\u00e1 comezo \u00e1s 16:30 horas co seguinte programa:<\/p>\n<p style=\"margin-bottom: 0cm\" align=\"justify\"><strong>16:30<\/strong>  Recepci\u00f3n, entrega de material. Caf\u00e9 ou t\u00e9 de cortes\u00eda.<\/p>\n<p style=\"margin-bottom: 0cm\" align=\"justify\"><strong>17:00<\/strong>  Benvida e presentaci\u00f3n da iniciativa a cargo de Helena Veiguela, Directora Xeral de Promoci\u00f3n Industrial e da Sociedade da Informaci\u00f3n, Consellar\u00eda de Innovaci\u00f3n e Industria.<\/p>\n<p style=\"margin-bottom: 0cm\" align=\"justify\"><strong>17:30<\/strong>  Demostraci\u00f3n do DVD<\/p>\n<p style=\"margin-bottom: 0cm\" align=\"justify\"><strong>17:40<\/strong>  Mesa redonda sobre a iniciativa moderada por  Xes\u00fas Manuel Ben\u00edtez Baleato, Coordinador de Mancomun.org coa participaci\u00f3n de:<\/p>\n<ul>\n<li>           <em>\t<\/em>Helena Veiguela Mart\u00ednez, Directora Xeral de Promoci\u00f3n Industrial e da Sociedade da Informaci\u00f3n, Consellar\u00eda de Innovaci\u00f3n e Industria.<\/li>\n<li>\tJavier V\u00e1zquez, Presidente de AGASOL, Asociaci\u00f3n Galega de Empresas de Software Libre.<\/li>\n<li>\tFrancisco Rodr\u00edguez, membro do Grupo de Investigaci\u00f3n de Ferramentas Abertas de Xesti\u00f3n Empresarial da ESEI de Ourense, Universidade de Vigo.<\/li>\n<\/ul>\n<p style=\"margin-bottom: 0cm\" align=\"justify\"><strong>18:40<\/strong> Posta en com\u00fan da mesa co p\u00fablico asistente acerca do DVD das PEME<\/p>\n<p style=\"margin-bottom: 0cm\" align=\"justify\"><strong>19:30<\/strong>  Aperitivo e Vi\u00f1o Galego<\/p>\n<p style=\"margin-bottom: 0cm\" align=\"justify\">Por motivos de aforo <u>requ\u00edrese<\/u> confirmaci\u00f3n de asistencia enviando correo electr\u00f3nico a <a href=\"mailto:eventos@mancomun.org\">eventos@mancomun.org<\/a>.<\/p>\n","protected":false},"author":5,"featured_media":1490,"comment_status":"open","ping_status":"open","sticky":false,"template":"","format":"standard","meta":{"footnotes":""},"categories":[],"tags":[],"class_list":["post-36915","post","type-post","status-publish","format-standard","has-post-thumbnail","hentry"],"acf":[],"_links":{"self":[{"href":"https:\/\/mancomun.gal\/es\/wp-json\/wp\/v2\/posts\/36915","targetHints":{"allow":["GET"]}}],"collection":[{"href":"https:\/\/mancomun.gal\/es\/wp-json\/wp\/v2\/posts"}],"about":[{"href":"https:\/\/mancomun.gal\/es\/wp-json\/wp\/v2\/types\/post"}],"author":[{"embeddable":true,"href":"https:\/\/mancomun.gal\/es\/wp-json\/wp\/v2\/users\/5"}],"replies":[{"embeddable":true,"href":"https:\/\/mancomun.gal\/es\/wp-json\/wp\/v2\/comments?post=36915"}],"version-history":[{"count":1,"href":"https:\/\/mancomun.gal\/es\/wp-json\/wp\/v2\/posts\/36915\/revisions"}],"predecessor-version":[{"id":36916,"href":"https:\/\/mancomun.gal\/es\/wp-json\/wp\/v2\/posts\/36915\/revisions\/36916"}],"wp:featuredmedia":[{"embeddable":true,"href":"https:\/\/mancomun.gal\/es\/wp-json\/wp\/v2\/media\/1490"}],"wp:attachment":[{"href":"https:\/\/mancomun.gal\/es\/wp-json\/wp\/v2\/media?parent=36915"}],"wp:term":[{"taxonomy":"category","embeddable":true,"href":"https:\/\/mancomun.gal\/es\/wp-json\/wp\/v2\/categories?post=36915"},{"taxonomy":"post_tag","embeddable":true,"href":"https:\/\/mancomun.gal\/es\/wp-json\/wp\/v2\/tags?post=36915"}],"curies":[{"name":"wp","href":"https:\/\/api.w.org\/{rel}","templated":true}]}}