{"id":36928,"date":"2007-10-31T09:12:49","date_gmt":"2007-10-31T08:12:49","guid":{"rendered":"https:\/\/mancomun.gal\/o-parlamento-valenciano-poderia-pasarse-ao-software-libre\/"},"modified":"2023-05-09T23:52:51","modified_gmt":"2023-05-09T21:52:51","slug":"o-parlamento-valenciano-poderia-pasarse-ao-software-libre","status":"publish","type":"post","link":"https:\/\/mancomun.gal\/es\/o-parlamento-valenciano-poderia-pasarse-ao-software-libre\/","title":{"rendered":"O parlamento valenciano poder\u00eda pasarse ao Software Libre"},"content":{"rendered":"<div align=\"justify\"><img loading=\"lazy\" decoding=\"async\" src=\"https:\/\/mancomun.gal\/wp-content\/uploads\/2022\/09\/bandera_comunidad_valenciana.gif\" alt=\"Comunitat Valenciana\" title=\"Comunitat Valenciana\" hspace=\"5\" vspace=\"8\" width=\"150\" height=\"100\" align=\"left\" \/>As Corts Valencianes, o parlamento de Valencia, <a href=\"http:\/\/www.panorama-actual.es\/noticias\/not240123.htm\" target=\"_blank\" title=\"Noticia en Panorama Actual\" rel=\"noopener\">poder\u00eda implantar Software Libre nos seus sistemas<\/a>  como consecuencia dunha proposta non de lei. A proposta correu a cargo de C\u00e9sar S\u00e1nchez, Portavoz de Novas Tecnolox\u00edas do Partido Popular, partido maioritario nesta comunidade levantina. As raz\u00f3ns de S\u00e1nchez para propo\u00f1er este cambio \u00e9 incentivar o impulso de pol\u00edticas p\u00fablicas activas para a implementaci\u00f3n de todas aquelas medidas que fomenten a liberdade de opci\u00f3n da cidadan\u00eda para garantir o emprego de est\u00e1ndares abertos.<\/div>\n<div align=\"justify\">\u00a0<\/div>\n<p>\nFonte:<a href=\"http:\/\/www.panorama-actual.es\/noticias\/not240123.htm\" target=\"_blank\" title=\"Panorama Actual\" rel=\"noopener\">Panorama Actual<\/a><\/p>\n","protected":false},"excerpt":{"rendered":"<div align=\"justify\"><img loading=\"lazy\" decoding=\"async\" src=\"https:\/\/www.mancomun.gal\/wp-content\/uploads\/uploads\/pics\/stories\/bandera_comunidad_valenciana.gif\" alt=\"Comunitat Valenciana\" title=\"Comunitat Valenciana\" hspace=\"5\" vspace=\"8\" width=\"150\" height=\"100\" align=\"left\" \/>As Corts Valencianes, o parlamento de Valencia, <a href=\"http:\/\/www.panorama-actual.es\/noticias\/not240123.htm\" target=\"_blank\" title=\"Noticia en Panorama Actual\" rel=\"noopener\">poder\u00eda implantar Software Libre nos seus sistemas<\/a>  como consecuencia dunha proposta non de lei. A proposta correu a cargo de C\u00e9sar S\u00e1nchez, Portavoz de Novas Tecnolox\u00edas do Partido Popular, partido maioritario nesta comunidade levantina. As raz\u00f3ns de S\u00e1nchez para propo\u00f1er este cambio \u00e9 incentivar o impulso de pol\u00edticas p\u00fablicas activas para a implementaci\u00f3n de todas aquelas medidas que fomenten a liberdade de opci\u00f3n da cidadan\u00eda para garantir o emprego de est\u00e1ndares abertos.<\/div>\n<div align=\"justify\">\u00a0<\/div>\n","protected":false},"author":5,"featured_media":3039,"comment_status":"open","ping_status":"open","sticky":false,"template":"","format":"standard","meta":{"footnotes":""},"categories":[],"tags":[],"class_list":["post-36928","post","type-post","status-publish","format-standard","has-post-thumbnail","hentry"],"acf":[],"_links":{"self":[{"href":"https:\/\/mancomun.gal\/es\/wp-json\/wp\/v2\/posts\/36928","targetHints":{"allow":["GET"]}}],"collection":[{"href":"https:\/\/mancomun.gal\/es\/wp-json\/wp\/v2\/posts"}],"about":[{"href":"https:\/\/mancomun.gal\/es\/wp-json\/wp\/v2\/types\/post"}],"author":[{"embeddable":true,"href":"https:\/\/mancomun.gal\/es\/wp-json\/wp\/v2\/users\/5"}],"replies":[{"embeddable":true,"href":"https:\/\/mancomun.gal\/es\/wp-json\/wp\/v2\/comments?post=36928"}],"version-history":[{"count":1,"href":"https:\/\/mancomun.gal\/es\/wp-json\/wp\/v2\/posts\/36928\/revisions"}],"predecessor-version":[{"id":36929,"href":"https:\/\/mancomun.gal\/es\/wp-json\/wp\/v2\/posts\/36928\/revisions\/36929"}],"wp:featuredmedia":[{"embeddable":true,"href":"https:\/\/mancomun.gal\/es\/wp-json\/wp\/v2\/media\/3039"}],"wp:attachment":[{"href":"https:\/\/mancomun.gal\/es\/wp-json\/wp\/v2\/media?parent=36928"}],"wp:term":[{"taxonomy":"category","embeddable":true,"href":"https:\/\/mancomun.gal\/es\/wp-json\/wp\/v2\/categories?post=36928"},{"taxonomy":"post_tag","embeddable":true,"href":"https:\/\/mancomun.gal\/es\/wp-json\/wp\/v2\/tags?post=36928"}],"curies":[{"name":"wp","href":"https:\/\/api.w.org\/{rel}","templated":true}]}}