{"id":36933,"date":"2007-11-02T09:34:08","date_gmt":"2007-11-02T08:34:08","guid":{"rendered":"https:\/\/mancomun.gal\/opendocument-foundation-abandonara-o-odf-en-favor-do-estandar-cdf-da-w3c\/"},"modified":"2023-05-09T23:52:55","modified_gmt":"2023-05-09T21:52:55","slug":"opendocument-foundation-abandonara-o-odf-en-favor-do-estandar-cdf-da-w3c","status":"publish","type":"post","link":"https:\/\/mancomun.gal\/es\/opendocument-foundation-abandonara-o-odf-en-favor-do-estandar-cdf-da-w3c\/","title":{"rendered":"OpenDocument Foundation abandonar\u00e1 o ODF en favor do est\u00e1ndar CDF da W3C"},"content":{"rendered":"<p align=\"justify\"><img loading=\"lazy\" decoding=\"async\" src=\"https:\/\/mancomun.gal\/wp-content\/uploads\/2022\/09\/w3c.png\" alt=\"W3C\" title=\"W3C\" hspace=\"5\" vspace=\"1\" width=\"103\" height=\"52\" align=\"left\" \/><a href=\"http:\/\/opendocumentfoundation.us\/\" target=\"_blank\" title=\"OpenDocument Foundation\" rel=\"noopener\">OpenDocument Foundation<\/a>  anunciou recentemente que <a href=\"http:\/\/www.theinquirer.es\/2007\/10\/31\/el_futuro_de_odf_en_entredicho.html\" target=\"_blank\" title=\"Noticia en The Inquirer\" rel=\"noopener\">non apoiar\u00e1 a especificaci\u00f3n ODF<\/a>  creada por OASIS sen\u00f3n o est\u00e1ndar <a href=\"http:\/\/en.wikipedia.org\/wiki\/Compound_Document_Format\" target=\"_blank\" title=\"CDF\" rel=\"noopener\">Compound Document Format<\/a>  (CDF) do <a href=\"http:\/\/www.w3.org\/\" target=\"_blank\" title=\"WW3\" rel=\"noopener\">World Wide Consortium<\/a>. Sam Hiser, vicepresidente da ODFoundation afirmou que non est\u00e1n satisfeitos co rumbo que est\u00e1 a tomar o formato ODF durante este ano. A idea \u00e9 dispo\u00f1er dun est\u00e1ndar compatible con OOXML de Microsoft, algo que non cumpre ODF e si CDF.<\/p>\n<p>\nFonte: <a href=\"http:\/\/www.theinquirer.es\/2007\/10\/31\/el_futuro_de_odf_en_entredicho.html\" target=\"_blank\" title=\"The Inquirer\" rel=\"noopener\">The Inquirer<\/a><\/p>\n","protected":false},"excerpt":{"rendered":"<p align=\"justify\"><img loading=\"lazy\" decoding=\"async\" src=\"https:\/\/www.mancomun.gal\/wp-content\/uploads\/uploads\/pics\/stories\/w3c.png\" alt=\"W3C\" title=\"W3C\" hspace=\"5\" vspace=\"1\" width=\"103\" height=\"52\" align=\"left\" \/><a href=\"http:\/\/opendocumentfoundation.us\/\" target=\"_blank\" title=\"OpenDocument Foundation\" rel=\"noopener\">OpenDocument Foundation<\/a>  anunciou recentemente que <a href=\"http:\/\/www.theinquirer.es\/2007\/10\/31\/el_futuro_de_odf_en_entredicho.html\" target=\"_blank\" title=\"Noticia en The Inquirer\" rel=\"noopener\">non apoiar\u00e1 a especificaci\u00f3n ODF<\/a>  creada por OASIS sen\u00f3n o est\u00e1ndar <a href=\"http:\/\/en.wikipedia.org\/wiki\/Compound_Document_Format\" target=\"_blank\" title=\"CDF\" rel=\"noopener\">Compound Document Format<\/a>  (CDF) do <a href=\"http:\/\/www.w3.org\/\" target=\"_blank\" title=\"WW3\" rel=\"noopener\">World Wide Consortium<\/a>. Sam Hiser, vicepresidente da ODFoundation afirmou que non est\u00e1n satisfeitos co rumbo que est\u00e1 a tomar o formato ODF durante este ano. A idea \u00e9 dispo\u00f1er dun est\u00e1ndar compatible con OOXML de Microsoft, algo que non cumpre ODF e si CDF.<\/p>\n","protected":false},"author":5,"featured_media":1396,"comment_status":"open","ping_status":"open","sticky":false,"template":"","format":"standard","meta":{"footnotes":""},"categories":[],"tags":[],"class_list":["post-36933","post","type-post","status-publish","format-standard","has-post-thumbnail","hentry"],"acf":[],"_links":{"self":[{"href":"https:\/\/mancomun.gal\/es\/wp-json\/wp\/v2\/posts\/36933","targetHints":{"allow":["GET"]}}],"collection":[{"href":"https:\/\/mancomun.gal\/es\/wp-json\/wp\/v2\/posts"}],"about":[{"href":"https:\/\/mancomun.gal\/es\/wp-json\/wp\/v2\/types\/post"}],"author":[{"embeddable":true,"href":"https:\/\/mancomun.gal\/es\/wp-json\/wp\/v2\/users\/5"}],"replies":[{"embeddable":true,"href":"https:\/\/mancomun.gal\/es\/wp-json\/wp\/v2\/comments?post=36933"}],"version-history":[{"count":1,"href":"https:\/\/mancomun.gal\/es\/wp-json\/wp\/v2\/posts\/36933\/revisions"}],"predecessor-version":[{"id":36934,"href":"https:\/\/mancomun.gal\/es\/wp-json\/wp\/v2\/posts\/36933\/revisions\/36934"}],"wp:featuredmedia":[{"embeddable":true,"href":"https:\/\/mancomun.gal\/es\/wp-json\/wp\/v2\/media\/1396"}],"wp:attachment":[{"href":"https:\/\/mancomun.gal\/es\/wp-json\/wp\/v2\/media?parent=36933"}],"wp:term":[{"taxonomy":"category","embeddable":true,"href":"https:\/\/mancomun.gal\/es\/wp-json\/wp\/v2\/categories?post=36933"},{"taxonomy":"post_tag","embeddable":true,"href":"https:\/\/mancomun.gal\/es\/wp-json\/wp\/v2\/tags?post=36933"}],"curies":[{"name":"wp","href":"https:\/\/api.w.org\/{rel}","templated":true}]}}