{"id":36944,"date":"2007-11-05T12:07:53","date_gmt":"2007-11-05T11:07:53","guid":{"rendered":"https:\/\/mancomun.gal\/adiantase-a-hora-de-comezo-da-presentacion-do-dvd-ferramentas-informaticas-para-a-peme\/"},"modified":"2023-05-09T23:53:03","modified_gmt":"2023-05-09T21:53:03","slug":"adiantase-a-hora-de-comezo-da-presentacion-do-dvd-ferramentas-informaticas-para-a-peme","status":"publish","type":"post","link":"https:\/\/mancomun.gal\/es\/adiantase-a-hora-de-comezo-da-presentacion-do-dvd-ferramentas-informaticas-para-a-peme\/","title":{"rendered":"Adi\u00e1ntase a hora de comezo da presentaci\u00f3n do DVD Ferramentas Inform\u00e1ticas para a PEME"},"content":{"rendered":"<p align=\"justify\"><img loading=\"lazy\" decoding=\"async\" src=\"templates\/1024x768\/images\/logo_mancomun.png\" alt=\"Mancomun.org\" title=\"Mancomun.org\" hspace=\"5\" vspace=\"1\" width=\"155\" height=\"25\" align=\"left\" \/>O comezo da presentaci\u00f3n do <em>DVD Ferramentas para a PEME<\/em> <strong>adiantarase \u00e1s 16:00 horas<\/strong>. Nese momento Helena Veiguela, Directora Xeral de Promoci\u00f3n Industrial e Sociedade da Informaci\u00f3n, presentar\u00e1 a xornada e dar\u00e1 a benvida aos asistentes.\u00a0 <\/p>\n<p align=\"justify\">As empresas TIC est\u00e1n convidadas participar na xornada de traballo sobre o <strong>DVD <\/strong><em><strong>Ferramentas Inform\u00e1ticas para a PEME<\/strong>,<\/em><span style=\"font-style: normal\"> <\/span> recompilaci\u00f3n de ferramentas inform\u00e1ticas de licenza libre que cobren as necesidades com\u00fans das empresas do noso pa\u00eds no uso das novas tecnolox\u00edas. Os interesados a\u00ednda poden inscribirse mandando un correo a <a href=\"mailto:eventos@mancomun.org\" target=\"_blank\" title=\"eventos@mancomun.org\" rel=\"noopener\">eventos@mancomun.org<\/a>.\u00a0 <\/p>\n<p>\u00a0<\/p>\n<p><\/p>\n<p style=\"margin-bottom: 0cm\" align=\"justify\">O evento ter\u00e1 lugar en Santiago de Compostela no Hotel Porta do Cami\u00f1o (R\u00faa Miguel Ferro Caaveiro, s\/n. -ao p\u00e9 do Palacio de Congresos e Exposici\u00f3ns en San L\u00e1zaro-) o d\u00eda <strong>7 de novembro<\/strong>.<\/p>\n","protected":false},"excerpt":{"rendered":"<p align=\"justify\"><img loading=\"lazy\" decoding=\"async\" src=\"templates\/1024x768\/images\/logo_mancomun.png\" alt=\"Mancomun.org\" title=\"Mancomun.org\" hspace=\"5\" vspace=\"1\" width=\"155\" height=\"25\" align=\"left\" \/>O comezo da presentaci\u00f3n do <em>DVD Ferramentas para a PEME<\/em> <strong>adiantarase \u00e1s 16:00 horas<\/strong>. Nese momento Helena Veiguela, Directora Xeral de Promoci\u00f3n Industrial e Sociedade da Informaci\u00f3n, presentar\u00e1 a xornada e dar\u00e1 a benvida aos asistentes.\u00a0 <\/p>\n<p align=\"justify\">As empresas TIC est\u00e1n convidadas participar na xornada de traballo sobre o <strong>DVD <\/strong><em><strong>Ferramentas Inform\u00e1ticas para a PEME<\/strong>,<\/em><span style=\"font-style: normal\"> <\/span> recompilaci\u00f3n de ferramentas inform\u00e1ticas de licenza libre que cobren as necesidades com\u00fans das empresas do noso pa\u00eds no uso das novas tecnolox\u00edas. Os interesados a\u00ednda poden inscribirse mandando un correo a <a href=\"mailto:eventos@mancomun.org\" target=\"_blank\" title=\"eventos@mancomun.org\" rel=\"noopener\">eventos@mancomun.org<\/a>.\u00a0 <\/p>\n<p>\u00a0<\/p>\n","protected":false},"author":5,"featured_media":0,"comment_status":"open","ping_status":"open","sticky":false,"template":"","format":"standard","meta":{"footnotes":""},"categories":[],"tags":[],"class_list":["post-36944","post","type-post","status-publish","format-standard","hentry"],"acf":[],"_links":{"self":[{"href":"https:\/\/mancomun.gal\/es\/wp-json\/wp\/v2\/posts\/36944","targetHints":{"allow":["GET"]}}],"collection":[{"href":"https:\/\/mancomun.gal\/es\/wp-json\/wp\/v2\/posts"}],"about":[{"href":"https:\/\/mancomun.gal\/es\/wp-json\/wp\/v2\/types\/post"}],"author":[{"embeddable":true,"href":"https:\/\/mancomun.gal\/es\/wp-json\/wp\/v2\/users\/5"}],"replies":[{"embeddable":true,"href":"https:\/\/mancomun.gal\/es\/wp-json\/wp\/v2\/comments?post=36944"}],"version-history":[{"count":1,"href":"https:\/\/mancomun.gal\/es\/wp-json\/wp\/v2\/posts\/36944\/revisions"}],"predecessor-version":[{"id":36945,"href":"https:\/\/mancomun.gal\/es\/wp-json\/wp\/v2\/posts\/36944\/revisions\/36945"}],"wp:attachment":[{"href":"https:\/\/mancomun.gal\/es\/wp-json\/wp\/v2\/media?parent=36944"}],"wp:term":[{"taxonomy":"category","embeddable":true,"href":"https:\/\/mancomun.gal\/es\/wp-json\/wp\/v2\/categories?post=36944"},{"taxonomy":"post_tag","embeddable":true,"href":"https:\/\/mancomun.gal\/es\/wp-json\/wp\/v2\/tags?post=36944"}],"curies":[{"name":"wp","href":"https:\/\/api.w.org\/{rel}","templated":true}]}}