{"id":36947,"date":"2007-11-05T13:54:13","date_gmt":"2007-11-05T12:54:13","guid":{"rendered":"https:\/\/mancomun.gal\/charlas-e-seminarios-de-formacion-e-divulgacion-sobre-gnulinux\/"},"modified":"2023-05-09T23:53:06","modified_gmt":"2023-05-09T21:53:06","slug":"charlas-e-seminarios-de-formacion-e-divulgacion-sobre-gnulinux","status":"publish","type":"post","link":"https:\/\/mancomun.gal\/es\/charlas-e-seminarios-de-formacion-e-divulgacion-sobre-gnulinux\/","title":{"rendered":"Charlas e seminarios de formaci\u00f3n e divulgaci\u00f3n sobre GNU\/Linux"},"content":{"rendered":"<p align=\"justify\"><img loading=\"lazy\" decoding=\"async\" src=\"https:\/\/mancomun.gal\/wp-content\/uploads\/2022\/09\/bertamirans_obradoiros.jpg\" border=\"0\" alt=\"http:\/\/www.mancomun.org\/images\/stories\/bertamirans_obradoiros.jpg\" title=\"http:\/\/www.mancomun.org\/images\/stories\/bertamirans_obradoiros.jpg\" hspace=\"7\" vspace=\"7\" width=\"77\" height=\"77\" align=\"left\" \/>O <a href=\"http:\/\/www.ubuntu-es.org\/index.php?q=node\/67077\" target=\"_blank\" title=\"http:\/\/www.ubuntu-es.org\/index.php?q=node\/67077\" rel=\"noopener\">proxecto C.U.P.I.E.<\/a>  e a asociaci\u00f3n <a href=\"http:\/\/www.polinux.upv.es\" target=\"_blank\" title=\"http:\/\/www.polinux.upv.es\" rel=\"noopener\">Polinux<\/a>  acaban de po\u00f1er en marcha uns relatorios de formaci\u00f3n e divulgaci\u00f3n de GNU\/Linux:<\/p>\n<div align=\"justify\">\n<ul>\n<li>O proxecto C.U.P.I.E.: \u00e9 un proxecto divulgativo que nace coa intenci\u00f3n de axudar \u00e1 xente a comprender e optimizar o uso do seu sistema operativo Ubuntu, as\u00ed como a filosof\u00eda que define ao mundo do Software Libre.<br \/>As charlas desenvolveranse na canle de IRC <a href=\"irc:\/\/irc.freenode.net\/cupie\" target=\"_blank\" title=\"irc:\/\/irc.freenode.net\/cupie\" rel=\"noopener\">#cupie<\/a>, canle que se pode usar tam\u00e9n para contactar para colaborar, consultar temarios, calendario, etc&#8230;<\/li>\n<li>PoLinux (Asociaci\u00f3n de usuarios de Software Libre da Universidad Polit\u00e9cnica de Valencia organiza uns seminarios de formaci\u00f3n gratu\u00edtos e de entrada libre sobre Software Libre e tecnolox\u00eda&#8230;<\/li>\n<\/ul>\n<\/div>\n<p><\/p>\n<p>P\u00e1xina web do proxecto C.U.P.I.E.:<br \/><a href=\"http:\/\/doc.ubuntu-es.org\/index.php\/Cupie\" target=\"_blank\" title=\"http:\/\/doc.ubuntu-es.org\/index.php\/Cupie\" rel=\"noopener\">http:\/\/doc.ubuntu-es.org\/index.php\/Cupie<\/a><\/p>\n<p>P\u00e1xina web de PoLinux:<br \/><a href=\"http:\/\/www.polinux.upv.es\/drupal\/formacion\" target=\"_blank\" title=\"http:\/\/www.polinux.upv.es\/drupal\/formacion\" rel=\"noopener\">http:\/\/www.polinux.upv.es<\/a><\/p>\n<p><a href=\"http:\/\/doc.ubuntu-es.org\/index.php\/Cupie\" target=\"_blank\" title=\"http:\/\/doc.ubuntu-es.org\/index.php\/Cupie\" rel=\"noopener\"><\/a><\/p>\n","protected":false},"excerpt":{"rendered":"<p align=\"justify\"><img loading=\"lazy\" decoding=\"async\" src=\"https:\/\/www.mancomun.gal\/wp-content\/uploads\/uploads\/pics\/stories\/bertamirans_obradoiros.jpg\" border=\"0\" alt=\"http:\/\/www.mancomun.org\/images\/stories\/bertamirans_obradoiros.jpg\" title=\"http:\/\/www.mancomun.org\/images\/stories\/bertamirans_obradoiros.jpg\" hspace=\"7\" vspace=\"7\" width=\"77\" height=\"77\" align=\"left\" \/>O <a href=\"http:\/\/www.ubuntu-es.org\/index.php?q=node\/67077\" target=\"_blank\" title=\"http:\/\/www.ubuntu-es.org\/index.php?q=node\/67077\" rel=\"noopener\">proxecto C.U.P.I.E.<\/a>  e a asociaci\u00f3n <a href=\"http:\/\/www.polinux.upv.es\" target=\"_blank\" title=\"http:\/\/www.polinux.upv.es\" rel=\"noopener\">Polinux<\/a>  acaban de po\u00f1er en marcha uns relatorios de formaci\u00f3n e divulgaci\u00f3n de GNU\/Linux:<\/p>\n<div align=\"justify\">\n<ul>\n<li>O proxecto C.U.P.I.E.: \u00e9 un proxecto divulgativo que nace coa intenci\u00f3n de axudar \u00e1 xente a comprender e optimizar o uso do seu sistema operativo Ubuntu, as\u00ed como a filosof\u00eda que define ao mundo do Software Libre.<br \/>As charlas desenvolveranse na canle de IRC <a href=\"irc:\/\/irc.freenode.net\/cupie\" target=\"_blank\" title=\"irc:\/\/irc.freenode.net\/cupie\" rel=\"noopener\">#cupie<\/a>, canle que se pode usar tam\u00e9n para contactar para colaborar, consultar temarios, calendario, etc&#8230;<\/li>\n<li>PoLinux (Asociaci\u00f3n de usuarios de Software Libre da Universidad Polit\u00e9cnica de Valencia organiza uns seminarios de formaci\u00f3n gratu\u00edtos e de entrada libre sobre Software Libre e tecnolox\u00eda&#8230;<\/li>\n<\/ul>\n<\/div>\n","protected":false},"author":5,"featured_media":2647,"comment_status":"open","ping_status":"open","sticky":false,"template":"","format":"standard","meta":{"footnotes":""},"categories":[],"tags":[],"class_list":["post-36947","post","type-post","status-publish","format-standard","has-post-thumbnail","hentry"],"acf":[],"_links":{"self":[{"href":"https:\/\/mancomun.gal\/es\/wp-json\/wp\/v2\/posts\/36947","targetHints":{"allow":["GET"]}}],"collection":[{"href":"https:\/\/mancomun.gal\/es\/wp-json\/wp\/v2\/posts"}],"about":[{"href":"https:\/\/mancomun.gal\/es\/wp-json\/wp\/v2\/types\/post"}],"author":[{"embeddable":true,"href":"https:\/\/mancomun.gal\/es\/wp-json\/wp\/v2\/users\/5"}],"replies":[{"embeddable":true,"href":"https:\/\/mancomun.gal\/es\/wp-json\/wp\/v2\/comments?post=36947"}],"version-history":[{"count":1,"href":"https:\/\/mancomun.gal\/es\/wp-json\/wp\/v2\/posts\/36947\/revisions"}],"predecessor-version":[{"id":36948,"href":"https:\/\/mancomun.gal\/es\/wp-json\/wp\/v2\/posts\/36947\/revisions\/36948"}],"wp:featuredmedia":[{"embeddable":true,"href":"https:\/\/mancomun.gal\/es\/wp-json\/wp\/v2\/media\/2647"}],"wp:attachment":[{"href":"https:\/\/mancomun.gal\/es\/wp-json\/wp\/v2\/media?parent=36947"}],"wp:term":[{"taxonomy":"category","embeddable":true,"href":"https:\/\/mancomun.gal\/es\/wp-json\/wp\/v2\/categories?post=36947"},{"taxonomy":"post_tag","embeddable":true,"href":"https:\/\/mancomun.gal\/es\/wp-json\/wp\/v2\/tags?post=36947"}],"curies":[{"name":"wp","href":"https:\/\/api.w.org\/{rel}","templated":true}]}}