{"id":36950,"date":"2007-11-06T08:36:22","date_gmt":"2007-11-06T07:36:22","guid":{"rendered":"https:\/\/mancomun.gal\/a-techbusiness-week-2007-adica-unha-xornada-ao-software-libre\/"},"modified":"2007-11-06T08:36:22","modified_gmt":"2007-11-06T07:36:22","slug":"a-techbusiness-week-2007-adica-unha-xornada-ao-software-libre","status":"publish","type":"post","link":"https:\/\/mancomun.gal\/es\/a-techbusiness-week-2007-adica-unha-xornada-ao-software-libre\/","title":{"rendered":"A TechBusiness Week 2007 adica unha xornada ao Software Libre"},"content":{"rendered":"<div align=\"justify\">A <a href=\"http:\/\/www.e-gallaecia.com\/congreso.asp?id=23\" target=\"_blank\" title=\"TechBusiness Week 2007\" rel=\"noopener\">TechBusiness Week 2007<\/a>  adica o martes 6 de novembro ao Software Libre nun evento que ten lugar na Universidade da Coru\u00f1a. A xornada est\u00e1 organizada por E-Gallaecia, promovida pola Fundaci\u00f3n Sabiria e conta como produtor coa Direcci\u00f3n Xeral de Promoci\u00f3n Industrial e Sociedade da Informaci\u00f3n. Est\u00e1 apoiada ademais polas tres universidades galegas.  <\/div>\n<div align=\"justify\">\u00a0<\/div>\n<div align=\"justify\">O programa recolle relatorios de experiencias exitosas do Software Libre aplicado \u00e1 administraci\u00f3n p\u00fablica, \u00e1 empresa privada ou a un medio de comunicaci\u00f3n. Entre os relatores estar\u00e1n representantes das empresas galegas Igalia, Ultreia Comunicaciones ou Queres Tecnolog\u00edas e do xornal El Correo Gallego.<\/div>\n<div align=\"justify\">\u00a0\u00a0 \u00a0<\/div>\n<p><\/p>\n<p align=\"justify\">Na banda da administraci\u00f3n p\u00fablica haber\u00e1 representantes da Junta de Extremadura. Contarase tam\u00e9n coa presenza de Francisco Javier Rodr\u00edguez, profesor da Escola T\u00e9cnica Superior de Inform\u00e1tica de Ourense que grazas a un convenio con Mancomun.org desenvolveu un proxecto de investigaci\u00f3n sobre ferramentas libres de xesti\u00f3n de empresarial. Est\u00e1 prevista a presenza ademais\u00a0 de Jim Markwith OSS (Open Source Software) Licensing Counsel de Microsoft. <\/p>\n<p><a href=\"http:\/\/www.e-gallaecia.com\/congreso.asp?id=23\" target=\"_blank\" title=\"Programa da xornada\" rel=\"noopener\">Programa da xornada<\/a>.\u00a0<\/p>\n<p>\u00a0<\/p>\n","protected":false},"excerpt":{"rendered":"<div align=\"justify\">A <a href=\"http:\/\/www.e-gallaecia.com\/congreso.asp?id=23\" target=\"_blank\" title=\"TechBusiness Week 2007\" rel=\"noopener\">TechBusiness Week 2007<\/a>  adica o martes 6 de novembro ao Software Libre nun evento que ten lugar na Universidade da Coru\u00f1a. A xornada est\u00e1 organizada por E-Gallaecia, promovida pola Fundaci\u00f3n Sabiria e conta como produtor coa Direcci\u00f3n Xeral de Promoci\u00f3n Industrial e Sociedade da Informaci\u00f3n. Est\u00e1 apoiada ademais polas tres universidades galegas.  <\/div>\n<div align=\"justify\">\u00a0<\/div>\n<div align=\"justify\">O programa recolle relatorios de experiencias exitosas do Software Libre aplicado \u00e1 administraci\u00f3n p\u00fablica, \u00e1 empresa privada ou a un medio de comunicaci\u00f3n. Entre os relatores estar\u00e1n representantes das empresas galegas Igalia, Ultreia Comunicaciones ou Queres Tecnolog\u00edas e do xornal El Correo Gallego.<\/div>\n<div align=\"justify\">\u00a0\u00a0 \u00a0<\/div>\n","protected":false},"author":5,"featured_media":0,"comment_status":"open","ping_status":"open","sticky":false,"template":"","format":"standard","meta":{"footnotes":""},"categories":[],"tags":[],"class_list":["post-36950","post","type-post","status-publish","format-standard","hentry"],"acf":[],"_links":{"self":[{"href":"https:\/\/mancomun.gal\/es\/wp-json\/wp\/v2\/posts\/36950","targetHints":{"allow":["GET"]}}],"collection":[{"href":"https:\/\/mancomun.gal\/es\/wp-json\/wp\/v2\/posts"}],"about":[{"href":"https:\/\/mancomun.gal\/es\/wp-json\/wp\/v2\/types\/post"}],"author":[{"embeddable":true,"href":"https:\/\/mancomun.gal\/es\/wp-json\/wp\/v2\/users\/5"}],"replies":[{"embeddable":true,"href":"https:\/\/mancomun.gal\/es\/wp-json\/wp\/v2\/comments?post=36950"}],"version-history":[{"count":0,"href":"https:\/\/mancomun.gal\/es\/wp-json\/wp\/v2\/posts\/36950\/revisions"}],"wp:attachment":[{"href":"https:\/\/mancomun.gal\/es\/wp-json\/wp\/v2\/media?parent=36950"}],"wp:term":[{"taxonomy":"category","embeddable":true,"href":"https:\/\/mancomun.gal\/es\/wp-json\/wp\/v2\/categories?post=36950"},{"taxonomy":"post_tag","embeddable":true,"href":"https:\/\/mancomun.gal\/es\/wp-json\/wp\/v2\/tags?post=36950"}],"curies":[{"name":"wp","href":"https:\/\/api.w.org\/{rel}","templated":true}]}}