{"id":36953,"date":"2007-11-06T09:40:59","date_gmt":"2007-11-06T08:40:59","guid":{"rendered":"https:\/\/mancomun.gal\/castilla-la-mancha-pon-en-marcha-o-proyecto-pascal-de-desenvolvemento-do-software-libre\/"},"modified":"2007-11-06T09:40:59","modified_gmt":"2007-11-06T08:40:59","slug":"castilla-la-mancha-pon-en-marcha-o-proyecto-pascal-de-desenvolvemento-do-software-libre","status":"publish","type":"post","link":"https:\/\/mancomun.gal\/es\/castilla-la-mancha-pon-en-marcha-o-proyecto-pascal-de-desenvolvemento-do-software-libre\/","title":{"rendered":"Castilla-La Mancha pon en marcha o Proyecto Pascal de desenvolvemento do Software Libre"},"content":{"rendered":"<p align=\"justify\">A administraci\u00f3n auton\u00f3mica manchega por\u00e1 en marcha o Proyecto Pascal a trav\u00e9s do seu Centro de Excelencia de Software Libre de Albacete. O centro levar\u00e1 a cabo sete programas para a difusi\u00f3n do Software Libre nesta comunidade aut\u00f3noma. O proxecto contar\u00e1 con 460.000 euros de financiamento. \u00a0<\/p>\n<p><\/p>\n<p align=\"justify\">Os programas dos que se comp\u00f3n o Proyecto Pascal son os seguintes: <\/p>\n<ul>\n<li>Programa para a xesti\u00f3n do proxecto.<\/li>\n<li> Programa &#8216;Portalos&#8217;: como observatorio tecnol\u00f3xico de Software Libre.<\/li>\n<li>Programa &#8216;Formados&#8217;: para a formaci\u00f3n e difusi\u00f3n do Software Libre en Castilla-La Mancha.<\/li>\n<li>Programa &#8216;Comunios&#8217;: para fomentar a adhesi\u00f3n e participaci\u00f3n das principais comunidades nacionais e internacionais referidas ao Software Libre.<\/li>\n<li><span class=\"par\"> Programa &#8216;Solidarios&#8217;: que contempla unha vertente de acci\u00f3n social con Software Libre e equipamiento reutilizable.<\/span><\/li>\n<li><span class=\"par\"> Programa &#8216;Certios&#8217;: centrado na creaci\u00f3n dun cl\u00faster de empresas TIC en \u00e1mbitos de Software Libre. <\/span><\/li>\n<li><span class=\"par\">Programa &#8216;Ticos&#8217;: para apoiar a empresas TIC de Castilla-La Mancha na adopci\u00f3n de modelos de negocio baseados en servizos.<\/span><\/li>\n<\/ul>\n<p align=\"justify\">Fonte: <a href=\"http:\/\/actualidad.terra.es\/provincias\/albacete\/articulo\/gobierno_parque_cientifico_tecnologico_albacete_1984965.htm\" target=\"_blank\" title=\"Terra\" rel=\"noopener\">Terra\u00a0<\/a> <\/p>\n","protected":false},"excerpt":{"rendered":"<p align=\"justify\">A administraci\u00f3n auton\u00f3mica manchega por\u00e1 en marcha o Proyecto Pascal a trav\u00e9s do seu Centro de Excelencia de Software Libre de Albacete. O centro levar\u00e1 a cabo sete programas para a difusi\u00f3n do Software Libre nesta comunidade aut\u00f3noma. O proxecto contar\u00e1 con 460.000 euros de financiamento. \u00a0<\/p>\n","protected":false},"author":5,"featured_media":0,"comment_status":"open","ping_status":"open","sticky":false,"template":"","format":"standard","meta":{"footnotes":""},"categories":[],"tags":[],"class_list":["post-36953","post","type-post","status-publish","format-standard","hentry"],"acf":[],"_links":{"self":[{"href":"https:\/\/mancomun.gal\/es\/wp-json\/wp\/v2\/posts\/36953","targetHints":{"allow":["GET"]}}],"collection":[{"href":"https:\/\/mancomun.gal\/es\/wp-json\/wp\/v2\/posts"}],"about":[{"href":"https:\/\/mancomun.gal\/es\/wp-json\/wp\/v2\/types\/post"}],"author":[{"embeddable":true,"href":"https:\/\/mancomun.gal\/es\/wp-json\/wp\/v2\/users\/5"}],"replies":[{"embeddable":true,"href":"https:\/\/mancomun.gal\/es\/wp-json\/wp\/v2\/comments?post=36953"}],"version-history":[{"count":0,"href":"https:\/\/mancomun.gal\/es\/wp-json\/wp\/v2\/posts\/36953\/revisions"}],"wp:attachment":[{"href":"https:\/\/mancomun.gal\/es\/wp-json\/wp\/v2\/media?parent=36953"}],"wp:term":[{"taxonomy":"category","embeddable":true,"href":"https:\/\/mancomun.gal\/es\/wp-json\/wp\/v2\/categories?post=36953"},{"taxonomy":"post_tag","embeddable":true,"href":"https:\/\/mancomun.gal\/es\/wp-json\/wp\/v2\/tags?post=36953"}],"curies":[{"name":"wp","href":"https:\/\/api.w.org\/{rel}","templated":true}]}}