{"id":36958,"date":"2007-11-06T12:15:55","date_gmt":"2007-11-06T11:15:55","guid":{"rendered":"https:\/\/mancomun.gal\/oviedo-acollera-a-ii-jornada-morfeo-software-libre-para-la-empresa\/"},"modified":"2007-11-06T12:15:55","modified_gmt":"2007-11-06T11:15:55","slug":"oviedo-acollera-a-ii-jornada-morfeo-software-libre-para-la-empresa","status":"publish","type":"post","link":"https:\/\/mancomun.gal\/es\/oviedo-acollera-a-ii-jornada-morfeo-software-libre-para-la-empresa\/","title":{"rendered":"Oviedo acoller\u00e1 a &#34;II Jornada Morfeo: Software Libre para la empresa&#34;"},"content":{"rendered":"<p align=\"justify\">A Comunidade de Software Libre Morfeo organiza, a trav\u00e9s de Telef\u00f3nica I+D e coa colaboraci\u00f3n da Fundaci\u00f3n CTIC, \u00abII Jornada Morfeo: Software Libre para la empresa\u00bb, que se celebrar\u00e1 entre o 26 e o 27 de novembro na cidade de Oviedo.<\/p>\n<p align=\"justify\">Estas xornadas divulgativas pretender dar a co\u00f1ecer \u00e1s empresas asturianas diferentes aspectos relativos ao software libre, como licenzas, xesti\u00f3n da propiedade intelectual e modelos de negocio.<\/p>\n<p align=\"justify\">Tam\u00e9n se amosar\u00e1n distintos proxectos que se est\u00e1n desenvolvendo dentro de Morfeo e experiencias das empresas asturianas en este aspecto&#8230; <\/p>\n<p><\/p>\n<p>\u00a0<\/p>\n<p>M\u00e1is informaci\u00f3n na p\u00e1xina do proxecto Morfeo:<br \/><a href=\"http:\/\/morfeo-project.org\/index.php?option=com_content&#038;task=view&#038;id=90&#038;Itemid=110\" target=\"_blank\" title=\"http:\/\/morfeo-project.org\/index.php?option=com_content&#038;task=view&#038;id=90&#038;Itemid=110\" rel=\"noopener\">http:\/\/morfeo-project.org<\/a> <\/p>\n","protected":false},"excerpt":{"rendered":"<p align=\"justify\">A Comunidade de Software Libre Morfeo organiza, a trav\u00e9s de Telef\u00f3nica I+D e coa colaboraci\u00f3n da Fundaci\u00f3n CTIC, \u00abII Jornada Morfeo: Software Libre para la empresa\u00bb, que se celebrar\u00e1 entre o 26 e o 27 de novembro na cidade de Oviedo.<\/p>\n<p align=\"justify\">Estas xornadas divulgativas pretender dar a co\u00f1ecer \u00e1s empresas asturianas diferentes aspectos relativos ao software libre, como licenzas, xesti\u00f3n da propiedade intelectual e modelos de negocio.<\/p>\n<p align=\"justify\">Tam\u00e9n se amosar\u00e1n distintos proxectos que se est\u00e1n desenvolvendo dentro de Morfeo e experiencias das empresas asturianas en este aspecto&#8230; <\/p>\n","protected":false},"author":5,"featured_media":0,"comment_status":"open","ping_status":"open","sticky":false,"template":"","format":"standard","meta":{"footnotes":""},"categories":[],"tags":[],"class_list":["post-36958","post","type-post","status-publish","format-standard","hentry"],"acf":[],"_links":{"self":[{"href":"https:\/\/mancomun.gal\/es\/wp-json\/wp\/v2\/posts\/36958","targetHints":{"allow":["GET"]}}],"collection":[{"href":"https:\/\/mancomun.gal\/es\/wp-json\/wp\/v2\/posts"}],"about":[{"href":"https:\/\/mancomun.gal\/es\/wp-json\/wp\/v2\/types\/post"}],"author":[{"embeddable":true,"href":"https:\/\/mancomun.gal\/es\/wp-json\/wp\/v2\/users\/5"}],"replies":[{"embeddable":true,"href":"https:\/\/mancomun.gal\/es\/wp-json\/wp\/v2\/comments?post=36958"}],"version-history":[{"count":0,"href":"https:\/\/mancomun.gal\/es\/wp-json\/wp\/v2\/posts\/36958\/revisions"}],"wp:attachment":[{"href":"https:\/\/mancomun.gal\/es\/wp-json\/wp\/v2\/media?parent=36958"}],"wp:term":[{"taxonomy":"category","embeddable":true,"href":"https:\/\/mancomun.gal\/es\/wp-json\/wp\/v2\/categories?post=36958"},{"taxonomy":"post_tag","embeddable":true,"href":"https:\/\/mancomun.gal\/es\/wp-json\/wp\/v2\/tags?post=36958"}],"curies":[{"name":"wp","href":"https:\/\/api.w.org\/{rel}","templated":true}]}}