{"id":36961,"date":"2007-11-07T01:00:00","date_gmt":"2007-11-07T00:00:00","guid":{"rendered":"https:\/\/mancomun.gal\/hoxe-tera-lugar-a-presentacion-do-dvd-de-ferramentas-para-a-peme\/"},"modified":"2023-05-10T00:06:46","modified_gmt":"2023-05-09T22:06:46","slug":"hoxe-tera-lugar-a-presentacion-do-dvd-de-ferramentas-para-a-peme","status":"publish","type":"post","link":"https:\/\/mancomun.gal\/es\/hoxe-tera-lugar-a-presentacion-do-dvd-de-ferramentas-para-a-peme\/","title":{"rendered":"Hoxe ter\u00e1 lugar a presentaci\u00f3n do DVD de Ferramentas para a PEME"},"content":{"rendered":"<div align=\"justify\"><img loading=\"lazy\" decoding=\"async\" src=\"https:\/\/www.mancomun.gal\/wp-content\/uploads\/uploads\/pics\/banners\/dvdpeme.jpg\" alt=\"DVDPEME\" title=\"DVDPEME\" hspace=\"5\" vspace=\"10\" width=\"120\" height=\"120\" align=\"left\" \/><\/div>\n<p style=\"margin-bottom: 0cm\" align=\"justify\">\u00a0Mancomun.org convida \u00e1s empresas das tecnolox\u00edas da informaci\u00f3n e da comunicaci\u00f3n a participar na xornada de traballo sobre o DVD Ferramentas Inform\u00e1ticas para a PEME, recompilaci\u00f3n de ferramentas inform\u00e1ticas de licenza libre que cobren as necesidades com\u00fans das empresas do noso pa\u00eds no uso das novas tecnolox\u00edas.<\/p>\n<p>O evento ter\u00e1 lugar en Santiago de Compostela no Hotel Porta do Cami\u00f1o (R\u00faa Miguel Ferro Caaveiro, s\/n. -ao p\u00e9 do Palacio de Congresos e Exposici\u00f3ns en San L\u00e1zaro-) e dar\u00e1 comezo <strong>\u00e1s 16:00 horas<\/strong>. <\/p>\n<p>\nContar\u00e1 co seguinte programa:<\/p>\n<p><strong>16:00h.<\/strong> Benvida de Helena Veiguela aos asistentes e presentaci\u00f3n da xornada<\/p>\n<p><strong>16:15h.<\/strong> Presentaci\u00f3n do DVD por parte de Rafael Juanatey, Subdirector Xeral da Direcci\u00f3n Xeral de Promoci\u00f3n Industrial<\/p>\n<p><strong>16:30h.<\/strong> Demostraci\u00f3n do DVD a cargo de Tom\u00e1s Vilari\u00f1o Coordinador de Soporte T\u00e9cnico de Mancomun.org<\/p>\n<p><strong>16:45h.<\/strong> Caf\u00e9<\/p>\n<p><strong>17:00h. <\/strong>Presentaci\u00f3n da Mesa Redonda de debate por parte de Suso Baleato, Coordinador de Mancomun.org<\/p>\n<p><strong>17:15h. <\/strong>Javier V\u00e1zquez, Presidente de AGASOL, Asociaci\u00f3n Galega de Empresas de Software Libre.<\/p>\n<p><strong>17:30h.<\/strong> Francisco Rodr\u00edguez, membro do Grupo de Investigaci\u00f3n de Ferramentas Abertas de Xesti\u00f3n Empresarial da ESEI de Ourense, Universidade de Vigo.<\/p>\n<p><strong>17:45h.<\/strong> Posta en com\u00fan da mesa co p\u00fablico asistente acerca do DVD das PEME<\/p>\n<p><strong>19:30h<\/strong>. Aperitivo e Vi\u00f1o Galego<\/p>\n","protected":false},"excerpt":{"rendered":"<div align=\"justify\"><img loading=\"lazy\" decoding=\"async\" src=\"https:\/\/www.mancomun.gal\/wp-content\/uploads\/uploads\/pics\/banners\/dvdpeme.jpg\" alt=\"DVDPEME\" title=\"DVDPEME\" hspace=\"5\" vspace=\"10\" width=\"120\" height=\"120\" align=\"left\" \/><\/div>\n<p style=\"margin-bottom: 0cm\" align=\"justify\">\u00a0Mancomun.org convida \u00e1s empresas das tecnolox\u00edas da informaci\u00f3n e da comunicaci\u00f3n a participar na xornada de traballo sobre o DVD Ferramentas Inform\u00e1ticas para a PEME, recompilaci\u00f3n de ferramentas inform\u00e1ticas de licenza libre que cobren as necesidades com\u00fans das empresas do noso pa\u00eds no uso das novas tecnolox\u00edas.<\/p>\n<p>O evento ter\u00e1 lugar en Santiago de Compostela no Hotel Porta do Cami\u00f1o (R\u00faa Miguel Ferro Caaveiro, s\/n. -ao p\u00e9 do Palacio de Congresos e Exposici\u00f3ns en San L\u00e1zaro-) e dar\u00e1 comezo <strong>\u00e1s 16:00 horas<\/strong>. <\/p>\n","protected":false},"author":5,"featured_media":0,"comment_status":"open","ping_status":"open","sticky":false,"template":"","format":"standard","meta":{"footnotes":""},"categories":[],"tags":[],"class_list":["post-36961","post","type-post","status-publish","format-standard","hentry"],"acf":[],"_links":{"self":[{"href":"https:\/\/mancomun.gal\/es\/wp-json\/wp\/v2\/posts\/36961","targetHints":{"allow":["GET"]}}],"collection":[{"href":"https:\/\/mancomun.gal\/es\/wp-json\/wp\/v2\/posts"}],"about":[{"href":"https:\/\/mancomun.gal\/es\/wp-json\/wp\/v2\/types\/post"}],"author":[{"embeddable":true,"href":"https:\/\/mancomun.gal\/es\/wp-json\/wp\/v2\/users\/5"}],"replies":[{"embeddable":true,"href":"https:\/\/mancomun.gal\/es\/wp-json\/wp\/v2\/comments?post=36961"}],"version-history":[{"count":1,"href":"https:\/\/mancomun.gal\/es\/wp-json\/wp\/v2\/posts\/36961\/revisions"}],"predecessor-version":[{"id":36962,"href":"https:\/\/mancomun.gal\/es\/wp-json\/wp\/v2\/posts\/36961\/revisions\/36962"}],"wp:attachment":[{"href":"https:\/\/mancomun.gal\/es\/wp-json\/wp\/v2\/media?parent=36961"}],"wp:term":[{"taxonomy":"category","embeddable":true,"href":"https:\/\/mancomun.gal\/es\/wp-json\/wp\/v2\/categories?post=36961"},{"taxonomy":"post_tag","embeddable":true,"href":"https:\/\/mancomun.gal\/es\/wp-json\/wp\/v2\/tags?post=36961"}],"curies":[{"name":"wp","href":"https:\/\/api.w.org\/{rel}","templated":true}]}}