{"id":36968,"date":"2007-11-08T07:00:00","date_gmt":"2007-11-08T06:00:00","guid":{"rendered":"https:\/\/mancomun.gal\/v-xornadas-de-introducion-de-gnulinux-para-alumnos-noveis-na-universidade-da-coruna\/"},"modified":"2023-05-10T00:11:21","modified_gmt":"2023-05-09T22:11:21","slug":"v-xornadas-de-introducion-de-gnulinux-para-alumnos-noveis-na-universidade-da-coruna","status":"publish","type":"post","link":"https:\/\/mancomun.gal\/es\/v-xornadas-de-introducion-de-gnulinux-para-alumnos-noveis-na-universidade-da-coruna\/","title":{"rendered":"V Xornadas de Introduci\u00f3n de GNU\/Linux para alumnos noveis na Universidade da Coru\u00f1a"},"content":{"rendered":"<p align=\"justify\"><img loading=\"lazy\" decoding=\"async\" src=\"components\/com_extcalendar\/upload\/92ab_logogpul_sin_cuadro.jpg\" border=\"0\" alt=\"http:\/\/www.mancomun.org\/components\/com_extcalendar\/upload\/92ab_logogpul_sin_cuadro.jpg\" title=\"http:\/\/www.mancomun.org\/components\/com_extcalendar\/upload\/92ab_logogpul_sin_cuadro.jpg\" hspace=\"7\" vspace=\"7\" width=\"124\" height=\"124\" align=\"right\" \/>O Grupo de Programadores e Usuarios de Linux (GPUL) en colaboraci\u00f3n coa Facultade de Inform\u00e1tica de A Coru\u00f1a, presenta un ano m\u00e1is as \u00abXornadas de Introduci\u00f3n a GNU\/Linux para Alumnos Noveis\u00bb.<\/p>\n<div align=\"justify\"> \t\t<\/div>\n<p align=\"justify\">Estas xornadas celebraranse os d\u00edas 13, 14 e 15 de novembro na Facultade de Inform\u00e1tica. Pr\u00e9gase <a href=\"http:\/\/www.gpul.org\/noveis07\/rexistro.php\" target=\"_blank\" title=\"http:\/\/www.gpul.org\/noveis07\/rexistro.php\" rel=\"noopener\">rexistro<\/a> para ter unha idea da asistencia agardada.<\/p>\n<div align=\"justify\"> \t\t<\/div>\n<p align=\"justify\">Cos d\u00edas iranse engadindo tanto ligaz\u00f3ns de interese como \t\tmaterial na secci\u00f3n de <a href=\"http:\/\/www.gpul.org\/noveis07\/recursos.php\" target=\"_blank\" title=\"http:\/\/www.gpul.org\/noveis07\/recursos.php\" rel=\"noopener\">recursos<\/a> para \t\tque vos poidades introducir un pouco no mundo do software libre e GNU\/Linux.<\/p>\n<p align=\"justify\">O programa cont\u00e9n&#8230; <\/p>\n<p><\/p>\n<div align=\"justify\">\u00a0unha pequena descrici\u00f3n do Software Libre destacando os puntos m\u00e1is relevantes ao longo da s\u00faa historia coa proxecci\u00f3n dun documental sobre a historia e emprego de GNU\/Linux por personaxes ben co\u00f1ecidas como un xeito de vida. Tam\u00e9n se falar\u00e1 sobre as ferramentas en Software Libre t\u00edpicas que se usar\u00e1n na facultade ao longo da carreira e tratarase tam\u00e9n a introduci\u00f3n ao Software Libre no fogar, cos programas que se empregan acot\u00edo (mensaxer\u00eda, correo electr\u00f3nico, exploradores web, ofim\u00e1tica&#8230;). Neste sentido realizarase unha instalaci\u00f3n guiada da distribuci\u00f3n Ubuntu. <\/div>\n<div align=\"justify\">\u00a0<\/div>\n<div align=\"justify\">M\u00e1is informaci\u00f3n en:<br \/><a href=\"http:\/\/www.gpul.org\/noveis07\" target=\"_blank\" title=\"http:\/\/www.gpul.org\/noveis07\/\" rel=\"noopener\">http:\/\/www.gpul.org\/noveis07\/<\/a><\/div>\n<div align=\"justify\">\u00a0<\/div>\n<div align=\"justify\">Evento engadido \u00e1 <a href=\"https:\/\/www.mancomun.gal\/index.php?option=com_extcalendar&#038;Itemid=37&#038;extmode=view&#038;extid=265 \" target=\"_blank\" title=\"http:\/\/www.mancomun.org\/index.php?option=com_extcalendar&#038;Itemid=37&#038;extmode=view&#038;extid=265 \" rel=\"noopener\">axenda de eventos de mancomun.org<\/a> <\/div>\n<div align=\"justify\"><\/div>\n","protected":false},"excerpt":{"rendered":"<p align=\"justify\"><img loading=\"lazy\" decoding=\"async\" src=\"components\/com_extcalendar\/upload\/92ab_logogpul_sin_cuadro.jpg\" border=\"0\" alt=\"http:\/\/www.mancomun.org\/components\/com_extcalendar\/upload\/92ab_logogpul_sin_cuadro.jpg\" title=\"http:\/\/www.mancomun.org\/components\/com_extcalendar\/upload\/92ab_logogpul_sin_cuadro.jpg\" hspace=\"7\" vspace=\"7\" width=\"124\" height=\"124\" align=\"right\" \/>O Grupo de Programadores e Usuarios de Linux (GPUL) en colaboraci\u00f3n coa Facultade de Inform\u00e1tica de A Coru\u00f1a, presenta un ano m\u00e1is as \u00abXornadas de Introduci\u00f3n a GNU\/Linux para Alumnos Noveis\u00bb.<\/p>\n<div align=\"justify\"> \t\t<\/div>\n<p align=\"justify\">Estas xornadas celebraranse os d\u00edas 13, 14 e 15 de novembro na Facultade de Inform\u00e1tica. Pr\u00e9gase <a href=\"http:\/\/www.gpul.org\/noveis07\/rexistro.php\" target=\"_blank\" title=\"http:\/\/www.gpul.org\/noveis07\/rexistro.php\" rel=\"noopener\">rexistro<\/a> para ter unha idea da asistencia agardada.<\/p>\n<div align=\"justify\"> \t\t<\/div>\n<p align=\"justify\">Cos d\u00edas iranse engadindo tanto ligaz\u00f3ns de interese como \t\tmaterial na secci\u00f3n de <a href=\"http:\/\/www.gpul.org\/noveis07\/recursos.php\" target=\"_blank\" title=\"http:\/\/www.gpul.org\/noveis07\/recursos.php\" rel=\"noopener\">recursos<\/a> para \t\tque vos poidades introducir un pouco no mundo do software libre e GNU\/Linux.<\/p>\n<p align=\"justify\">O programa cont\u00e9n&#8230; <\/p>\n","protected":false},"author":5,"featured_media":0,"comment_status":"open","ping_status":"open","sticky":false,"template":"","format":"standard","meta":{"footnotes":""},"categories":[],"tags":[],"class_list":["post-36968","post","type-post","status-publish","format-standard","hentry"],"acf":[],"_links":{"self":[{"href":"https:\/\/mancomun.gal\/es\/wp-json\/wp\/v2\/posts\/36968","targetHints":{"allow":["GET"]}}],"collection":[{"href":"https:\/\/mancomun.gal\/es\/wp-json\/wp\/v2\/posts"}],"about":[{"href":"https:\/\/mancomun.gal\/es\/wp-json\/wp\/v2\/types\/post"}],"author":[{"embeddable":true,"href":"https:\/\/mancomun.gal\/es\/wp-json\/wp\/v2\/users\/5"}],"replies":[{"embeddable":true,"href":"https:\/\/mancomun.gal\/es\/wp-json\/wp\/v2\/comments?post=36968"}],"version-history":[{"count":1,"href":"https:\/\/mancomun.gal\/es\/wp-json\/wp\/v2\/posts\/36968\/revisions"}],"predecessor-version":[{"id":36969,"href":"https:\/\/mancomun.gal\/es\/wp-json\/wp\/v2\/posts\/36968\/revisions\/36969"}],"wp:attachment":[{"href":"https:\/\/mancomun.gal\/es\/wp-json\/wp\/v2\/media?parent=36968"}],"wp:term":[{"taxonomy":"category","embeddable":true,"href":"https:\/\/mancomun.gal\/es\/wp-json\/wp\/v2\/categories?post=36968"},{"taxonomy":"post_tag","embeddable":true,"href":"https:\/\/mancomun.gal\/es\/wp-json\/wp\/v2\/tags?post=36968"}],"curies":[{"name":"wp","href":"https:\/\/api.w.org\/{rel}","templated":true}]}}