{"id":36979,"date":"2007-11-09T09:22:15","date_gmt":"2007-11-09T08:22:15","guid":{"rendered":"https:\/\/mancomun.gal\/curso-de-software-libre-da-confederacion-de-empresarios-de-ferrol\/"},"modified":"2007-11-09T09:22:15","modified_gmt":"2007-11-09T08:22:15","slug":"curso-de-software-libre-da-confederacion-de-empresarios-de-ferrol","status":"publish","type":"post","link":"https:\/\/mancomun.gal\/es\/curso-de-software-libre-da-confederacion-de-empresarios-de-ferrol\/","title":{"rendered":"Curso de Software Libre da Confederaci\u00f3n de Empresarios de Ferrol"},"content":{"rendered":"<div align=\"justify\">A <a href=\"http:\/\/www.ceferrol.com\/\" target=\"_blank\" title=\"http:\/\/www.ceferrol.com\/\" rel=\"noopener\">Confederaci\u00f3n de Empresarios de Ferrol<\/a> impartir\u00e1 un curso sobre Software Libre destinado\u00a0 a dar a co\u00f1ecer as posibilidades que ofrece o Software Libre aos seus socios no eido das TIC e para axudar a superar a fenda dixital.<\/div>\n<p><\/p>\n<div align=\"justify\">Os cursos ter\u00e1n lugar os venres e s\u00e1bados do mes de novembro, comezando os venres \u00e1s 20:20 horas e os s\u00e1bados \u00e1s 13:30 horas dende o d\u00eda 9 ata o d\u00eda 30 de novembro. Os interesados poden inscribirse no tel\u00e9fono da Confederaci\u00f3n de Empresarios de Ferrol (981 33 33 22).<\/div>\n<p><\/p>\n<div align=\"justify\">O contido dos cursos div\u00eddese en 2 grandes \u00e1reas:<\/div>\n<div align=\"justify\">\n<ul>\n<li>O sistema operativo GNU\/Linux (10 horas)\u00a0<\/li>\n<li>O paquete ofim\u00e1tico [[OpenOffice.org]] (10 horas)<\/li>\n<\/ul>\n<\/div>\n<p><\/p>\n<p>\u00a0<\/p>\n<p>Para ver m\u00e1is informaci\u00f3n visite a fonte orixinal da nova:<br \/><a href=\"http:\/\/www.codigocero.com\/spip.php?article2800\" target=\"_blank\" title=\"http:\/\/www.codigocero.com\/spip.php?article2800\" rel=\"noopener\">http:\/\/www.codigocero.com\/spip.php?article2800<\/a> <\/p>\n<p>Evento engadido \u00e1 \u00ab<a href=\"https:\/\/www.mancomun.gal\/index.php?option=com_extcalendar&#038;Itemid=37\" target=\"_blank\" title=\"http:\/\/www.mancomun.org\/index.php?option=com_extcalendar&#038;Itemid=37\" rel=\"noopener\">Axenda de eventos de Mancomun.org<\/a>\u00bb <\/p>\n","protected":false},"excerpt":{"rendered":"<div align=\"justify\">A <a href=\"http:\/\/www.ceferrol.com\/\" target=\"_blank\" title=\"http:\/\/www.ceferrol.com\/\" rel=\"noopener\">Confederaci\u00f3n de Empresarios de Ferrol<\/a> impartir\u00e1 un curso sobre Software Libre destinado\u00a0 a dar a co\u00f1ecer as posibilidades que ofrece o Software Libre aos seus socios no eido das TIC e para axudar a superar a fenda dixital.<\/div>\n<p><\/p>\n<div align=\"justify\">Os cursos ter\u00e1n lugar os venres e s\u00e1bados do mes de novembro, comezando os venres \u00e1s 20:20 horas e os s\u00e1bados \u00e1s 13:30 horas dende o d\u00eda 9 ata o d\u00eda 30 de novembro. Os interesados poden inscribirse no tel\u00e9fono da Confederaci\u00f3n de Empresarios de Ferrol (981 33 33 22).<\/div>\n<p><\/p>\n<div align=\"justify\">O contido dos cursos div\u00eddese en 2 grandes \u00e1reas:<\/div>\n<div align=\"justify\">\n<ul>\n<li>O sistema operativo GNU\/Linux (10 horas)\u00a0<\/li>\n<li>O paquete ofim\u00e1tico [[OpenOffice.org]] (10 horas)<\/li>\n<\/ul>\n<\/div>\n","protected":false},"author":5,"featured_media":0,"comment_status":"open","ping_status":"open","sticky":false,"template":"","format":"standard","meta":{"footnotes":""},"categories":[],"tags":[],"class_list":["post-36979","post","type-post","status-publish","format-standard","hentry"],"acf":[],"_links":{"self":[{"href":"https:\/\/mancomun.gal\/es\/wp-json\/wp\/v2\/posts\/36979","targetHints":{"allow":["GET"]}}],"collection":[{"href":"https:\/\/mancomun.gal\/es\/wp-json\/wp\/v2\/posts"}],"about":[{"href":"https:\/\/mancomun.gal\/es\/wp-json\/wp\/v2\/types\/post"}],"author":[{"embeddable":true,"href":"https:\/\/mancomun.gal\/es\/wp-json\/wp\/v2\/users\/5"}],"replies":[{"embeddable":true,"href":"https:\/\/mancomun.gal\/es\/wp-json\/wp\/v2\/comments?post=36979"}],"version-history":[{"count":0,"href":"https:\/\/mancomun.gal\/es\/wp-json\/wp\/v2\/posts\/36979\/revisions"}],"wp:attachment":[{"href":"https:\/\/mancomun.gal\/es\/wp-json\/wp\/v2\/media?parent=36979"}],"wp:term":[{"taxonomy":"category","embeddable":true,"href":"https:\/\/mancomun.gal\/es\/wp-json\/wp\/v2\/categories?post=36979"},{"taxonomy":"post_tag","embeddable":true,"href":"https:\/\/mancomun.gal\/es\/wp-json\/wp\/v2\/tags?post=36979"}],"curies":[{"name":"wp","href":"https:\/\/api.w.org\/{rel}","templated":true}]}}