{"id":36980,"date":"2007-11-09T09:43:48","date_gmt":"2007-11-09T08:43:48","guid":{"rendered":"https:\/\/mancomun.gal\/fedora-8-werewolf-disponible\/"},"modified":"2023-05-10T00:16:01","modified_gmt":"2023-05-09T22:16:01","slug":"fedora-8-werewolf-disponible","status":"publish","type":"post","link":"https:\/\/mancomun.gal\/es\/fedora-8-werewolf-disponible\/","title":{"rendered":"Fedora 8 &#34;Werewolf&#34; dispo\u00f1ible"},"content":{"rendered":"<p align=\"justify\"><a href=\"http:\/\/fedoraproject.org\/index\" target=\"_blank\" title=\"http:\/\/fedoraproject.org\/index\" rel=\"noopener\"><img loading=\"lazy\" decoding=\"async\" src=\"https:\/\/mancomun.gal\/wp-content\/uploads\/2022\/09\/fedoralogo.png\" border=\"0\" alt=\"http:\/\/www.mancomun.org\/images\/stories\/fedoralogo.png\" title=\"http:\/\/www.mancomun.org\/images\/stories\/fedoralogo.png\" hspace=\"7\" vspace=\"7\" width=\"101\" height=\"95\" align=\"left\" \/><\/a> A distribuci\u00f3n de GNU\/Linux <a href=\"http:\/\/fedoraproject.org\/index\" target=\"_blank\" title=\"http:\/\/fedoraproject.org\/index\" rel=\"noopener\">Fedora<\/a>  chegou \u00e1 s\u00faa versi\u00f3n 8, denominada \u00abWerewolf\u00bb.<\/p>\n<p align=\"justify\">O proxecto Fedora \u00e9 un proxecto de c\u00f3digo aberto promovido por Red Hat e soportado pola comunidade. O seu obxectivo \u00e9 o progreso r\u00e1pido do Software Libre e para iso fai uso de foros p\u00fablicos, procesos abertos, innovaci\u00f3n r\u00e1pida e transparencia nos seus procesos.<\/p>\n<p align=\"justify\">Unha descrici\u00f3n de todas as novas caracter\u00edsticas est\u00e1 dispo\u00f1ible nas notas do lanzamento:<br \/><a href=\"http:\/\/docs.fedoraproject.org\/release-notes\/f8\/es\/\" target=\"_blank\" title=\"http:\/\/docs.fedoraproject.org\/release-notes\/f8\/es\/\" rel=\"noopener\">http:\/\/docs.fedoraproject.org\/release-notes\/f8\/es\/<\/a> <\/p>\n<p><\/p>\n<p>\u00a0<\/p>\n<p>Grazas a Manuel Mor\u00e1n polo aviso. <\/p>\n","protected":false},"excerpt":{"rendered":"<p align=\"justify\"><a href=\"http:\/\/fedoraproject.org\/index\" target=\"_blank\" title=\"http:\/\/fedoraproject.org\/index\" rel=\"noopener\"><img loading=\"lazy\" decoding=\"async\" src=\"https:\/\/www.mancomun.gal\/wp-content\/uploads\/uploads\/pics\/stories\/fedoralogo.png\" border=\"0\" alt=\"http:\/\/www.mancomun.org\/images\/stories\/fedoralogo.png\" title=\"http:\/\/www.mancomun.org\/images\/stories\/fedoralogo.png\" hspace=\"7\" vspace=\"7\" width=\"101\" height=\"95\" align=\"left\" \/><\/a> A distribuci\u00f3n de GNU\/Linux <a href=\"http:\/\/fedoraproject.org\/index\" target=\"_blank\" title=\"http:\/\/fedoraproject.org\/index\" rel=\"noopener\">Fedora<\/a>  chegou \u00e1 s\u00faa versi\u00f3n 8, denominada \u00abWerewolf\u00bb.<\/p>\n<p align=\"justify\">O proxecto Fedora \u00e9 un proxecto de c\u00f3digo aberto promovido por Red Hat e soportado pola comunidade. O seu obxectivo \u00e9 o progreso r\u00e1pido do Software Libre e para iso fai uso de foros p\u00fablicos, procesos abertos, innovaci\u00f3n r\u00e1pida e transparencia nos seus procesos.<\/p>\n<p align=\"justify\">Unha descrici\u00f3n de todas as novas caracter\u00edsticas est\u00e1 dispo\u00f1ible nas notas do lanzamento:<br \/><a href=\"http:\/\/docs.fedoraproject.org\/release-notes\/f8\/es\/\" target=\"_blank\" title=\"http:\/\/docs.fedoraproject.org\/release-notes\/f8\/es\/\" rel=\"noopener\">http:\/\/docs.fedoraproject.org\/release-notes\/f8\/es\/<\/a> <\/p>\n","protected":false},"author":5,"featured_media":874,"comment_status":"open","ping_status":"open","sticky":false,"template":"","format":"standard","meta":{"footnotes":""},"categories":[],"tags":[],"class_list":["post-36980","post","type-post","status-publish","format-standard","has-post-thumbnail","hentry"],"acf":[],"_links":{"self":[{"href":"https:\/\/mancomun.gal\/es\/wp-json\/wp\/v2\/posts\/36980","targetHints":{"allow":["GET"]}}],"collection":[{"href":"https:\/\/mancomun.gal\/es\/wp-json\/wp\/v2\/posts"}],"about":[{"href":"https:\/\/mancomun.gal\/es\/wp-json\/wp\/v2\/types\/post"}],"author":[{"embeddable":true,"href":"https:\/\/mancomun.gal\/es\/wp-json\/wp\/v2\/users\/5"}],"replies":[{"embeddable":true,"href":"https:\/\/mancomun.gal\/es\/wp-json\/wp\/v2\/comments?post=36980"}],"version-history":[{"count":1,"href":"https:\/\/mancomun.gal\/es\/wp-json\/wp\/v2\/posts\/36980\/revisions"}],"predecessor-version":[{"id":36981,"href":"https:\/\/mancomun.gal\/es\/wp-json\/wp\/v2\/posts\/36980\/revisions\/36981"}],"wp:featuredmedia":[{"embeddable":true,"href":"https:\/\/mancomun.gal\/es\/wp-json\/wp\/v2\/media\/874"}],"wp:attachment":[{"href":"https:\/\/mancomun.gal\/es\/wp-json\/wp\/v2\/media?parent=36980"}],"wp:term":[{"taxonomy":"category","embeddable":true,"href":"https:\/\/mancomun.gal\/es\/wp-json\/wp\/v2\/categories?post=36980"},{"taxonomy":"post_tag","embeddable":true,"href":"https:\/\/mancomun.gal\/es\/wp-json\/wp\/v2\/tags?post=36980"}],"curies":[{"name":"wp","href":"https:\/\/api.w.org\/{rel}","templated":true}]}}