{"id":36983,"date":"2007-11-09T12:05:09","date_gmt":"2007-11-09T11:05:09","guid":{"rendered":"https:\/\/mancomun.gal\/disponible-o-relatorio-en-video-vantaxes-do-software-libre-e-os-estandares-abertos\/"},"modified":"2023-05-10T00:16:04","modified_gmt":"2023-05-09T22:16:04","slug":"disponible-o-relatorio-en-video-vantaxes-do-software-libre-e-os-estandares-abertos","status":"publish","type":"post","link":"https:\/\/mancomun.gal\/es\/disponible-o-relatorio-en-video-vantaxes-do-software-libre-e-os-estandares-abertos\/","title":{"rendered":"Dispo\u00f1ible o relatorio en v\u00eddeo: Vantaxes do software libre e os est\u00e1ndares abertos"},"content":{"rendered":"<p align=\"justify\"> <img decoding=\"async\" src=\"https:\/\/mancomun.gal\/wp-content\/uploads\/2022\/09\/broffice2007.jpg\" border=\"0\" alt=\"BROffice\" hspace=\"10\" width=\"100\" align=\"right\" \/>Na mediateca de <a href=\"http:\/\/uvigo.tv\/\" target=\"_blank\" title=\"UVigo.tv\" rel=\"noopener\"><em>uvigo televisi\u00f3n<\/em><\/a> est\u00e1n dispo\u00f1ibles os v\u00eddeos do relatorio <a href=\"http:\/\/tv2.uvigo.es\/tvuvigoes\/serie.php?element=223#\" target=\"_blank\" title=\"Vantaxes do Software Libre e os est\u00e1ndares abertos\" rel=\"noopener\">Vantaxes do Software Libre e os est\u00e1ndares abertos<\/a> que Claudio Ferreira Filho, Coordinador de OpenOffice.org Brasil, impartiu o 25 de setembro deste ano na <a href=\"http:\/\/www.teleco.uvigo.es\/\" target=\"_blank\" title=\"Escola T\u00e9cnica Superior de Enxe\u00f1er\u00eda de Telecomunicaci\u00f3n\" rel=\"noopener\">Escola T\u00e9cnica Superior de Enxe\u00f1er\u00eda de Telecomunicaci\u00f3n<\/a> da <a href=\"http:\/\/www.uvigo.es\/indice\/index.gl.htm\" target=\"_blank\" title=\"Universidade de Vigo\" rel=\"noopener\">Universidade de Vigo<\/a>. <\/p>\n<p><\/p>\n<p align=\"justify\"> A intervenci\u00f3n est\u00e1 dividida en dous v\u00eddeos:   <\/p>\n<div align=\"center\">\n<ul>\n<li style=\"text-align: center; list-style-type: none; float: left; margin-left: 4px\"> <a href=\"http:\/\/tv2.uvigo.es\/ASX\/file.asx?s=1538\" target=\"_blank\" title=\"Vantaxes do Software Libre e os est\u00e1ndares abertos\" rel=\"noopener\"> <img decoding=\"async\" src=\"http:\/\/tv2.uvigo.es\/uvigo-tv\/pic\/Serial\/223\/Video\/1401\/filho.jpg\" border=\"0\" alt=\"V\u00eddeo - Vantaxes do Software Libre e os est\u00e1ndares abertos\" width=\"180\" align=\"top\" \/><br \/> Vantaxes do Software Libre e <br \/>os est\u00e1ndares abertos <\/a> <\/li>\n<li style=\"text-align: center; list-style-type: none; float: right; margin-right: 40px\"> <a href=\"http:\/\/tv2.uvigo.es\/ASX\/file.asx?s=1539\" target=\"_blank\" title=\"Rolda de preguntas\" rel=\"noopener\"> <img decoding=\"async\" src=\"http:\/\/tv2.uvigo.es\/uvigo-tv\/pic\/Serial\/223\/Video\/1402\/filho_preguntas.jpg\" border=\"0\" alt=\"V\u00eddeo - rolda de preguntas\" width=\"180\" \/><br \/> Rolda de preguntas<\/a> <\/li>\n<\/ul><\/div>\n<p>\u00a0<\/p>\n","protected":false},"excerpt":{"rendered":"<p align=\"justify\"> <img decoding=\"async\" src=\"https:\/\/www.mancomun.gal\/wp-content\/uploads\/uploads\/pics\/stories\/broffice2007.jpg\" border=\"0\" alt=\"BROffice\" hspace=\"10\" width=\"100\" align=\"right\" \/>Na mediateca de <a href=\"http:\/\/uvigo.tv\/\" target=\"_blank\" title=\"UVigo.tv\" rel=\"noopener\"><em>uvigo televisi\u00f3n<\/em><\/a> est\u00e1n dispo\u00f1ibles os v\u00eddeos do relatorio <a href=\"http:\/\/tv2.uvigo.es\/tvuvigoes\/serie.php?element=223#\" target=\"_blank\" title=\"Vantaxes do Software Libre e os est\u00e1ndares abertos\" rel=\"noopener\">Vantaxes do Software Libre e os est\u00e1ndares abertos<\/a> que Claudio Ferreira Filho, Coordinador de OpenOffice.org Brasil, impartiu o 25 de setembro deste ano na <a href=\"http:\/\/www.teleco.uvigo.es\/\" target=\"_blank\" title=\"Escola T\u00e9cnica Superior de Enxe\u00f1er\u00eda de Telecomunicaci\u00f3n\" rel=\"noopener\">Escola T\u00e9cnica Superior de Enxe\u00f1er\u00eda de Telecomunicaci\u00f3n<\/a> da <a href=\"http:\/\/www.uvigo.es\/indice\/index.gl.htm\" target=\"_blank\" title=\"Universidade de Vigo\" rel=\"noopener\">Universidade de Vigo<\/a>. <\/p>\n","protected":false},"author":5,"featured_media":2988,"comment_status":"open","ping_status":"open","sticky":false,"template":"","format":"standard","meta":{"footnotes":""},"categories":[],"tags":[],"class_list":["post-36983","post","type-post","status-publish","format-standard","has-post-thumbnail","hentry"],"acf":[],"_links":{"self":[{"href":"https:\/\/mancomun.gal\/es\/wp-json\/wp\/v2\/posts\/36983","targetHints":{"allow":["GET"]}}],"collection":[{"href":"https:\/\/mancomun.gal\/es\/wp-json\/wp\/v2\/posts"}],"about":[{"href":"https:\/\/mancomun.gal\/es\/wp-json\/wp\/v2\/types\/post"}],"author":[{"embeddable":true,"href":"https:\/\/mancomun.gal\/es\/wp-json\/wp\/v2\/users\/5"}],"replies":[{"embeddable":true,"href":"https:\/\/mancomun.gal\/es\/wp-json\/wp\/v2\/comments?post=36983"}],"version-history":[{"count":1,"href":"https:\/\/mancomun.gal\/es\/wp-json\/wp\/v2\/posts\/36983\/revisions"}],"predecessor-version":[{"id":36984,"href":"https:\/\/mancomun.gal\/es\/wp-json\/wp\/v2\/posts\/36983\/revisions\/36984"}],"wp:featuredmedia":[{"embeddable":true,"href":"https:\/\/mancomun.gal\/es\/wp-json\/wp\/v2\/media\/2988"}],"wp:attachment":[{"href":"https:\/\/mancomun.gal\/es\/wp-json\/wp\/v2\/media?parent=36983"}],"wp:term":[{"taxonomy":"category","embeddable":true,"href":"https:\/\/mancomun.gal\/es\/wp-json\/wp\/v2\/categories?post=36983"},{"taxonomy":"post_tag","embeddable":true,"href":"https:\/\/mancomun.gal\/es\/wp-json\/wp\/v2\/tags?post=36983"}],"curies":[{"name":"wp","href":"https:\/\/api.w.org\/{rel}","templated":true}]}}