{"id":36985,"date":"2007-11-09T13:17:33","date_gmt":"2007-11-09T12:17:33","guid":{"rendered":"https:\/\/mancomun.gal\/curso-de-creacion-de-paxinas-web-en-monforte-de-lemos\/"},"modified":"2023-05-10T00:16:04","modified_gmt":"2023-05-09T22:16:04","slug":"curso-de-creacion-de-paxinas-web-en-monforte-de-lemos","status":"publish","type":"post","link":"https:\/\/mancomun.gal\/es\/curso-de-creacion-de-paxinas-web-en-monforte-de-lemos\/","title":{"rendered":"Curso de creaci\u00f3n de p\u00e1xinas web en Monforte de Lemos"},"content":{"rendered":"<p align=\"justify\"><img loading=\"lazy\" decoding=\"async\" src=\"https:\/\/mancomun.gal\/wp-content\/uploads\/2022\/09\/rededinamizadores.jpg\" alt=\" Rede de dinamizaci\u00f3n\" hspace=\"10\" vspace=\"10\" width=\"140\" height=\"43\" align=\"left\" \/>O Centro Comarcal Terra de Lemos a trav\u00e9s da <a href=\"https:\/\/dinamiza.sociedadedainformacion.eu\/web\/\" target=\"_blank\" rel=\"noopener\">rede de dinamizaci\u00f3n <\/a> e en colaboraci\u00f3n con mancomun.org organiza un curso de <strong>Creaci\u00f3n de p\u00e1xinas web.<\/strong> O curso desenvolverase empregando a ferramenta libre Nvu.\u00a0 <\/p>\n<p align=\"justify\">A duraci\u00f3n do curso \u00e9 de 40 horas e impartirase dende o 14\/11\/2007 ata o 05\/12\/2007, de luns a venres de 19:30 a 22:00. \u00a0<\/p>\n<p><\/p>\n","protected":false},"excerpt":{"rendered":"<p align=\"justify\"><img loading=\"lazy\" decoding=\"async\" src=\"https:\/\/www.mancomun.gal\/wp-content\/uploads\/uploads\/pics\/stories\/rededinamizadores.jpg\" alt=\" Rede de dinamizaci\u00f3n\" hspace=\"10\" vspace=\"10\" width=\"140\" height=\"43\" align=\"left\" \/>O Centro Comarcal Terra de Lemos a trav\u00e9s da <a href=\"https:\/\/dinamiza.sociedadedainformacion.eu\/web\/\" target=\"_blank\" rel=\"noopener\">rede de dinamizaci\u00f3n <\/a> e en colaboraci\u00f3n con mancomun.org organiza un curso de <strong>Creaci\u00f3n de p\u00e1xinas web.<\/strong> O curso desenvolverase empregando a ferramenta libre Nvu.\u00a0 <\/p>\n<p align=\"justify\">A duraci\u00f3n do curso \u00e9 de 40 horas e impartirase dende o 14\/11\/2007 ata o 05\/12\/2007, de luns a venres de 19:30 a 22:00. \u00a0<\/p>\n","protected":false},"author":5,"featured_media":1870,"comment_status":"open","ping_status":"open","sticky":false,"template":"","format":"standard","meta":{"footnotes":""},"categories":[],"tags":[],"class_list":["post-36985","post","type-post","status-publish","format-standard","has-post-thumbnail","hentry"],"acf":[],"_links":{"self":[{"href":"https:\/\/mancomun.gal\/es\/wp-json\/wp\/v2\/posts\/36985","targetHints":{"allow":["GET"]}}],"collection":[{"href":"https:\/\/mancomun.gal\/es\/wp-json\/wp\/v2\/posts"}],"about":[{"href":"https:\/\/mancomun.gal\/es\/wp-json\/wp\/v2\/types\/post"}],"author":[{"embeddable":true,"href":"https:\/\/mancomun.gal\/es\/wp-json\/wp\/v2\/users\/5"}],"replies":[{"embeddable":true,"href":"https:\/\/mancomun.gal\/es\/wp-json\/wp\/v2\/comments?post=36985"}],"version-history":[{"count":1,"href":"https:\/\/mancomun.gal\/es\/wp-json\/wp\/v2\/posts\/36985\/revisions"}],"predecessor-version":[{"id":36986,"href":"https:\/\/mancomun.gal\/es\/wp-json\/wp\/v2\/posts\/36985\/revisions\/36986"}],"wp:featuredmedia":[{"embeddable":true,"href":"https:\/\/mancomun.gal\/es\/wp-json\/wp\/v2\/media\/1870"}],"wp:attachment":[{"href":"https:\/\/mancomun.gal\/es\/wp-json\/wp\/v2\/media?parent=36985"}],"wp:term":[{"taxonomy":"category","embeddable":true,"href":"https:\/\/mancomun.gal\/es\/wp-json\/wp\/v2\/categories?post=36985"},{"taxonomy":"post_tag","embeddable":true,"href":"https:\/\/mancomun.gal\/es\/wp-json\/wp\/v2\/tags?post=36985"}],"curies":[{"name":"wp","href":"https:\/\/api.w.org\/{rel}","templated":true}]}}