{"id":36989,"date":"2007-11-12T09:19:51","date_gmt":"2007-11-12T08:19:51","guid":{"rendered":"https:\/\/mancomun.gal\/ousli-anuncia-os-videos-das-i-xornadas-de-software-libre-no-ensino-no-seu-primeiro-aniversario\/"},"modified":"2023-05-10T00:27:51","modified_gmt":"2023-05-09T22:27:51","slug":"ousli-anuncia-os-videos-das-i-xornadas-de-software-libre-no-ensino-no-seu-primeiro-aniversario","status":"publish","type":"post","link":"https:\/\/mancomun.gal\/es\/ousli-anuncia-os-videos-das-i-xornadas-de-software-libre-no-ensino-no-seu-primeiro-aniversario\/","title":{"rendered":"Ousli anuncia os v\u00eddeos das I Xornadas de Software Libre no Ensino no seu primeiro aniversario"},"content":{"rendered":"<p align=\"justify\">\n<p><a href=\"http:\/\/ousli.org\" target=\"_blank\" title=\"OUSLI\" rel=\"noopener\"><\/p>\n<p><img decoding=\"async\" src=\"http:\/\/www.mancomun.org\/images\/stories\/ousli.jpg\" border=\"0\" align=\"right\" alt=\"OUSLI\" title=\"OUSLI\" hspace=\"10\" vspace=\"5\" \/><\/a><\/p>\n<p>A Asociaci\u00f3n Cultural Ourensana de Software Libre, <a href=\"http:\/\/ousli.org\" target=\"_blank\" title=\"OUSLI\" rel=\"noopener\">OUSLI<\/a>, <a href=\"http:\/\/encontros.ousli.org\/blog.php?id=51\" target=\"Aniversario OUSLI\" rel=\"noopener\">cumpriu un ano<\/a>, o 10 de novembro, traballando a prol do Software Libre.<\/p>\n<p align=\"justify\">\n<p>Coincidindo co seu primeiro aniversario, a asociaci\u00f3n anuncia os v\u00eddeos dos relatorios das <a href=\"http:\/\/encontros.ousli.org\/\" title=\"I Xornadas de Software Libre no Ensino\" target=\"_blank\" rel=\"noopener\">I Xornadas de Software Libre no Ensino<\/a> que se celebraron na <a href=\"http:\/\/www.ei.uvigo.es\" target=\"_blank\" title=\"Escola Superior de Enxe\u00f1er\u00eda Inform\u00e1tica de Ourense\" rel=\"noopener\">Escola Superior de Enxe\u00f1er\u00eda Inform\u00e1tica de Ourense<\/a>. O material at\u00f3pase na mediateca da Televisi\u00f3n da Universidade de Vigo, <a href=\"http:\/\/texttv.uvigo.es\/serial\/index\/id\/225\" title=\"uvigo.tv\" target=\"_blank\" rel=\"noopener\">uvigo.tv<\/a>, ordenados conforme ao programa das Xornadas.<\/p>\n<p>Fonte: <a href=\"http:\/\/ousli.org\/content\/view\/93\/1\" target=\"_blank\" title=\"OUSLI\" rel=\"noopener\">OUSLI<\/a><\/p>\n","protected":false},"excerpt":{"rendered":"<p align=\"justify\">\n<p><a href=\"http:\/\/ousli.org\" target=\"_blank\" title=\"OUSLI\" rel=\"noopener\"><\/p>\n<p><img decoding=\"async\" src=\"http:\/\/www.mancomun.org\/images\/stories\/ousli.jpg\" border=\"0\" align=\"right\" alt=\"OUSLI\" title=\"OUSLI\" hspace=\"10\" vspace=\"5\" \/><\/a><\/p>\n<p>A Asociaci\u00f3n Cultural Ourensana de Software Libre, <a href=\"http:\/\/ousli.org\" target=\"_blank\" title=\"OUSLI\" rel=\"noopener\">OUSLI<\/a>, <a href=\"http:\/\/encontros.ousli.org\/blog.php?id=51\" target=\"Aniversario OUSLI\" rel=\"noopener\">cumpriu un ano<\/a>, o 10 de novembro, traballando a prol do Software Libre.<\/p>\n<p align=\"justify\">\n<p>Coincidindo co seu primeiro aniversario, a asociaci\u00f3n anuncia os v\u00eddeos dos relatorios das <a href=\"http:\/\/encontros.ousli.org\/\" title=\"I Xornadas de Software Libre no Ensino\" target=\"_blank\" rel=\"noopener\">I Xornadas de Software Libre no Ensino<\/a> que se celebraron na <a href=\"http:\/\/www.ei.uvigo.es\" target=\"_blank\" title=\"Escola Superior de Enxe\u00f1er\u00eda Inform\u00e1tica de Ourense\" rel=\"noopener\">Escola Superior de Enxe\u00f1er\u00eda Inform\u00e1tica de Ourense<\/a>. O material at\u00f3pase na mediateca da Televisi\u00f3n da Universidade de Vigo, <a href=\"http:\/\/texttv.uvigo.es\/serial\/index\/id\/225\" title=\"uvigo.tv\" target=\"_blank\" rel=\"noopener\">uvigo.tv<\/a>, ordenados conforme ao programa das Xornadas.<\/p>\n","protected":false},"author":5,"featured_media":0,"comment_status":"open","ping_status":"open","sticky":false,"template":"","format":"standard","meta":{"footnotes":""},"categories":[],"tags":[],"class_list":["post-36989","post","type-post","status-publish","format-standard","hentry"],"acf":[],"_links":{"self":[{"href":"https:\/\/mancomun.gal\/es\/wp-json\/wp\/v2\/posts\/36989","targetHints":{"allow":["GET"]}}],"collection":[{"href":"https:\/\/mancomun.gal\/es\/wp-json\/wp\/v2\/posts"}],"about":[{"href":"https:\/\/mancomun.gal\/es\/wp-json\/wp\/v2\/types\/post"}],"author":[{"embeddable":true,"href":"https:\/\/mancomun.gal\/es\/wp-json\/wp\/v2\/users\/5"}],"replies":[{"embeddable":true,"href":"https:\/\/mancomun.gal\/es\/wp-json\/wp\/v2\/comments?post=36989"}],"version-history":[{"count":1,"href":"https:\/\/mancomun.gal\/es\/wp-json\/wp\/v2\/posts\/36989\/revisions"}],"predecessor-version":[{"id":36990,"href":"https:\/\/mancomun.gal\/es\/wp-json\/wp\/v2\/posts\/36989\/revisions\/36990"}],"wp:attachment":[{"href":"https:\/\/mancomun.gal\/es\/wp-json\/wp\/v2\/media?parent=36989"}],"wp:term":[{"taxonomy":"category","embeddable":true,"href":"https:\/\/mancomun.gal\/es\/wp-json\/wp\/v2\/categories?post=36989"},{"taxonomy":"post_tag","embeddable":true,"href":"https:\/\/mancomun.gal\/es\/wp-json\/wp\/v2\/tags?post=36989"}],"curies":[{"name":"wp","href":"https:\/\/api.w.org\/{rel}","templated":true}]}}