{"id":36991,"date":"2007-11-12T09:31:23","date_gmt":"2007-11-12T08:31:23","guid":{"rendered":"https:\/\/mancomun.gal\/curso-na-casa-encantada-de-santiago-sobre-software-e-cultura-libre\/"},"modified":"2007-11-12T09:31:23","modified_gmt":"2007-11-12T08:31:23","slug":"curso-na-casa-encantada-de-santiago-sobre-software-e-cultura-libre","status":"publish","type":"post","link":"https:\/\/mancomun.gal\/es\/curso-na-casa-encantada-de-santiago-sobre-software-e-cultura-libre\/","title":{"rendered":"Curso na Casa Encantada de Santiago sobre Software e Cultura Libre"},"content":{"rendered":"<div align=\"justify\">A Casa Encantada de Santiago de Compostela acoller\u00e1 unha serie de actividades de formaci\u00f3n e difusi\u00f3n do Software e a Cultura Libre durante os vindeiros tres meses. As actividades ter\u00e1n lugar \u00e1s 9 da noite en sesi\u00f3ns de d\u00faas horas totalmente de balde. O <a href=\"http:\/\/antisgae.blogaliza.org\/\" target=\"_blank\" title=\"Comando Anti-SGAE\" rel=\"noopener\">Comando Anti-SGAE<\/a>  e a <a href=\"http:\/\/www.universidadepopular.info\/\" target=\"_blank\" title=\"Universidade Popular\" rel=\"noopener\">Universidade Popular<\/a>  organizan esta actividade. <\/div>\n<div align=\"justify\">\u00a0<\/div>\n<p>\nFonte: <a href=\"http:\/\/www.codigocero.com\/spip.php?article2814\" target=\"_blank\" title=\"C\u00f3digo Cero\" rel=\"noopener\">C\u00f3digo Cero<\/a><\/p>\n","protected":false},"excerpt":{"rendered":"<div align=\"justify\">A Casa Encantada de Santiago de Compostela acoller\u00e1 unha serie de actividades de formaci\u00f3n e difusi\u00f3n do Software e a Cultura Libre durante os vindeiros tres meses. As actividades ter\u00e1n lugar \u00e1s 9 da noite en sesi\u00f3ns de d\u00faas horas totalmente de balde. O <a href=\"http:\/\/antisgae.blogaliza.org\/\" target=\"_blank\" title=\"Comando Anti-SGAE\" rel=\"noopener\">Comando Anti-SGAE<\/a>  e a <a href=\"http:\/\/www.universidadepopular.info\/\" target=\"_blank\" title=\"Universidade Popular\" rel=\"noopener\">Universidade Popular<\/a>  organizan esta actividade. <\/div>\n<div align=\"justify\">\u00a0<\/div>\n","protected":false},"author":5,"featured_media":0,"comment_status":"open","ping_status":"open","sticky":false,"template":"","format":"standard","meta":{"footnotes":""},"categories":[],"tags":[],"class_list":["post-36991","post","type-post","status-publish","format-standard","hentry"],"acf":[],"_links":{"self":[{"href":"https:\/\/mancomun.gal\/es\/wp-json\/wp\/v2\/posts\/36991","targetHints":{"allow":["GET"]}}],"collection":[{"href":"https:\/\/mancomun.gal\/es\/wp-json\/wp\/v2\/posts"}],"about":[{"href":"https:\/\/mancomun.gal\/es\/wp-json\/wp\/v2\/types\/post"}],"author":[{"embeddable":true,"href":"https:\/\/mancomun.gal\/es\/wp-json\/wp\/v2\/users\/5"}],"replies":[{"embeddable":true,"href":"https:\/\/mancomun.gal\/es\/wp-json\/wp\/v2\/comments?post=36991"}],"version-history":[{"count":0,"href":"https:\/\/mancomun.gal\/es\/wp-json\/wp\/v2\/posts\/36991\/revisions"}],"wp:attachment":[{"href":"https:\/\/mancomun.gal\/es\/wp-json\/wp\/v2\/media?parent=36991"}],"wp:term":[{"taxonomy":"category","embeddable":true,"href":"https:\/\/mancomun.gal\/es\/wp-json\/wp\/v2\/categories?post=36991"},{"taxonomy":"post_tag","embeddable":true,"href":"https:\/\/mancomun.gal\/es\/wp-json\/wp\/v2\/tags?post=36991"}],"curies":[{"name":"wp","href":"https:\/\/api.w.org\/{rel}","templated":true}]}}