{"id":36994,"date":"2007-11-12T10:05:07","date_gmt":"2007-11-12T09:05:07","guid":{"rendered":"https:\/\/mancomun.gal\/o-concello-de-a-coruna-saca-o-concurso-a-administracion-electronica-baseada-en-software-libre\/"},"modified":"2007-11-12T10:05:07","modified_gmt":"2007-11-12T09:05:07","slug":"o-concello-de-a-coruna-saca-o-concurso-a-administracion-electronica-baseada-en-software-libre","status":"publish","type":"post","link":"https:\/\/mancomun.gal\/es\/o-concello-de-a-coruna-saca-o-concurso-a-administracion-electronica-baseada-en-software-libre\/","title":{"rendered":"O Concello de A Coru\u00f1a saca o concurso a administraci\u00f3n electr\u00f3nica baseada en Software Libre"},"content":{"rendered":"<p align=\"justify\">O Concello de A Coru\u00f1a, a trav\u00e9s da s\u00faa \u00c1rea de Planificaci\u00f3n, sacou a concurso a contrataci\u00f3n do servizo de implantaci\u00f3n da Administraci\u00f3n electr\u00f3nica baseada no Software Libre. O investimento para po\u00f1er en marchar esta iniciativa ascende aos 180.000 euros e o contrato ter\u00e1 unha duraci\u00f3n de 12 meses.<\/p>\n<p align=\"justify\">O proxecto enm\u00e1rcase dentro do obxectivo do Concello de mellorar os servizos de xesti\u00f3n e atenci\u00f3n \u00e1 cidadan\u00eda, proporcionando unha soluci\u00f3n tecnol\u00f3xica baseada nunha infraestrutura software completa e modular que lle proporcione ao goberno local e \u00e1 cidadan\u00eda todas as capacidades posibles do que se deu en chamar unha administraci\u00f3n pr\u00f3xima ao cidad\u00e1n&#8230;<\/p>\n<p><\/p>\n<div align=\"justify\">\n<p>Segundo establece o prego de condici\u00f3ns, o cidad\u00e1n ter\u00e1 a posibilidade de relacionarse co Concello de forma multicanle a trav\u00e9s do CRM (010, web, atenci\u00f3n presencial). Deste xeito, permitir\u00e1selle o acceso a unha vent\u00e1 \u00fanica con rexistro de entrada e sa\u00edda unificado para a recollida de calquera tipo de documentaci\u00f3n.<\/p>\n<p>\u00a0<\/p>\n<p>M\u00e1is informaci\u00f3n na fonte orixinal da nova:<br \/><a href=\"http:\/\/www.coruna.es\/servlet\/Satellite?argIdioma=gl&#038;c=Page&#038;cid=1126200847854&#038;itemID=1190948099955&#038;itemTemplate=Portal-Noticia-Detalle&#038;itemType=Suceso&#038;pagename=Portal%2FPage%2FPortal-SubportadaSeccion\" target=\"_blank\" title=\"http:\/\/www.coruna.es\/servlet\/Satellite?argIdioma=gl&#038;c=Page&#038;cid=1126200847854&#038;itemID=1190948099955&#038;itemTemplate=Portal-Noticia-Detalle&#038;itemType=Suceso&#038;pagename=Portal%2FPage%2FPortal-SubportadaSeccion\" rel=\"noopener\">http:\/\/www.coruna.es<\/a>  <\/p>\n<\/div>\n","protected":false},"excerpt":{"rendered":"<p align=\"justify\">O Concello de A Coru\u00f1a, a trav\u00e9s da s\u00faa \u00c1rea de Planificaci\u00f3n, sacou a concurso a contrataci\u00f3n do servizo de implantaci\u00f3n da Administraci\u00f3n electr\u00f3nica baseada no Software Libre. O investimento para po\u00f1er en marchar esta iniciativa ascende aos 180.000 euros e o contrato ter\u00e1 unha duraci\u00f3n de 12 meses.<\/p>\n<p align=\"justify\">O proxecto enm\u00e1rcase dentro do obxectivo do Concello de mellorar os servizos de xesti\u00f3n e atenci\u00f3n \u00e1 cidadan\u00eda, proporcionando unha soluci\u00f3n tecnol\u00f3xica baseada nunha infraestrutura software completa e modular que lle proporcione ao goberno local e \u00e1 cidadan\u00eda todas as capacidades posibles do que se deu en chamar unha administraci\u00f3n pr\u00f3xima ao cidad\u00e1n&#8230;<\/p>\n","protected":false},"author":5,"featured_media":0,"comment_status":"open","ping_status":"open","sticky":false,"template":"","format":"standard","meta":{"footnotes":""},"categories":[],"tags":[],"class_list":["post-36994","post","type-post","status-publish","format-standard","hentry"],"acf":[],"_links":{"self":[{"href":"https:\/\/mancomun.gal\/es\/wp-json\/wp\/v2\/posts\/36994","targetHints":{"allow":["GET"]}}],"collection":[{"href":"https:\/\/mancomun.gal\/es\/wp-json\/wp\/v2\/posts"}],"about":[{"href":"https:\/\/mancomun.gal\/es\/wp-json\/wp\/v2\/types\/post"}],"author":[{"embeddable":true,"href":"https:\/\/mancomun.gal\/es\/wp-json\/wp\/v2\/users\/5"}],"replies":[{"embeddable":true,"href":"https:\/\/mancomun.gal\/es\/wp-json\/wp\/v2\/comments?post=36994"}],"version-history":[{"count":0,"href":"https:\/\/mancomun.gal\/es\/wp-json\/wp\/v2\/posts\/36994\/revisions"}],"wp:attachment":[{"href":"https:\/\/mancomun.gal\/es\/wp-json\/wp\/v2\/media?parent=36994"}],"wp:term":[{"taxonomy":"category","embeddable":true,"href":"https:\/\/mancomun.gal\/es\/wp-json\/wp\/v2\/categories?post=36994"},{"taxonomy":"post_tag","embeddable":true,"href":"https:\/\/mancomun.gal\/es\/wp-json\/wp\/v2\/tags?post=36994"}],"curies":[{"name":"wp","href":"https:\/\/api.w.org\/{rel}","templated":true}]}}