{"id":36998,"date":"2007-11-13T06:57:33","date_gmt":"2007-11-13T05:57:33","guid":{"rendered":"https:\/\/mancomun.gal\/version-2-1-do-corrector-ortografico-de-galego-do-openoffice-org\/"},"modified":"2023-05-10T00:27:55","modified_gmt":"2023-05-09T22:27:55","slug":"version-2-1-do-corrector-ortografico-de-galego-do-openoffice-org","status":"publish","type":"post","link":"https:\/\/mancomun.gal\/es\/version-2-1-do-corrector-ortografico-de-galego-do-openoffice-org\/","title":{"rendered":"Versi\u00f3n 2.1 do corrector ortogr\u00e1fico de galego do OpenOffice.org"},"content":{"rendered":"<div align=\"justify\"><img loading=\"lazy\" decoding=\"async\" src=\"https:\/\/mancomun.gal\/wp-content\/uploads\/2022\/09\/ooo-main-logo-2col-trans.gif\" border=\"0\" alt=\"http:\/\/www.mancomun.org\/images\/stories\/ooo-main-logo-2col-trans.gif\" title=\"http:\/\/www.mancomun.org\/images\/stories\/ooo-main-logo-2col-trans.gif\" hspace=\"10\" vspace=\"10\" width=\"140\" height=\"44\" align=\"left\" \/>Acabamos de actualizar o corrector ortogr\u00e1fico de galego para o OpenOffice.org. Esta nova versi\u00f3n, a 2.1, corrixe os erros detectados polos usuarios e que foron notificados a trav\u00e9s do <a href=\"http:\/\/wiki.mancomun.org\/index.php\/Corrector_ortogr%C3%A1fico_para_OpenOffice.org#Erros_detectados_e_en_revisi.C3.B3n\" target=\"_blank\" title=\"Wiki de Mancomun.org na p\u00e1xina adicada ao corrector\" rel=\"noopener\">Wiki de Mancomun.org na p\u00e1xina adicada ao corrector<\/a>.<\/div>\n<div align=\"justify\">\u00a0<\/div>\n<div align=\"justify\">A versi\u00f3n 2.1 xa se pode descargar desde a p\u00e1xina do <a href=\"openoffice.org-en-galego.html\" target=\"_blank\" title=\"http:\/\/www.mancomun.org\/openoffice.org-en-galego.html\" rel=\"noopener\">OpenOffice.org en galego<\/a> en Mancomun.org e tam\u00e9n empregando o asistente de instalaci\u00f3n que trae o OpenOffice.org xa que foi enviado para a s\u00faa distribuci\u00f3n polos r\u00e9plicas oficiais.<\/div>\n<div align=\"justify\">\u00a0<\/div>\n<div align=\"justify\">Para a instalaci\u00f3n do corrector podedes seguir as <a href=\"http:\/\/wiki.mancomun.org\/index.php\/Corrector_ortogr%C3%A1fico_para_OpenOffice.org#Descarga_e_instalaci.C3.B3n\" target=\"_blank\" title=\"http:\/\/wiki.mancomun.org\/index.php\/Corrector_ortogr%C3%A1fico_para_OpenOffice.org#Descarga_e_instalaci.C3.B3n\" rel=\"noopener\">instruci\u00f3ns<\/a>  que atoparedes no Wiki e\/ou facendo uso do seguinte <a href=\"raquo-descargas\/documentos\/textos\/guia-openoffice.org\/videos-explicativos\/corrector.ogg.html\" target=\"_blank\" title=\"v\u00eddeo do proceso de instalaci\u00f3n do corrector\" rel=\"noopener\">v\u00eddeo do proceso de instalaci\u00f3n do corrector&#8230;<\/a><\/div>\n<p><\/p>\n","protected":false},"excerpt":{"rendered":"<div align=\"justify\"><img loading=\"lazy\" decoding=\"async\" src=\"https:\/\/www.mancomun.gal\/wp-content\/uploads\/uploads\/pics\/stories\/ooo-main-logo-2col-trans.gif\" border=\"0\" alt=\"http:\/\/www.mancomun.org\/images\/stories\/ooo-main-logo-2col-trans.gif\" title=\"http:\/\/www.mancomun.org\/images\/stories\/ooo-main-logo-2col-trans.gif\" hspace=\"10\" vspace=\"10\" width=\"140\" height=\"44\" align=\"left\" \/>Acabamos de actualizar o corrector ortogr\u00e1fico de galego para o OpenOffice.org. Esta nova versi\u00f3n, a 2.1, corrixe os erros detectados polos usuarios e que foron notificados a trav\u00e9s do <a href=\"http:\/\/wiki.mancomun.org\/index.php\/Corrector_ortogr%C3%A1fico_para_OpenOffice.org#Erros_detectados_e_en_revisi.C3.B3n\" target=\"_blank\" title=\"Wiki de Mancomun.org na p\u00e1xina adicada ao corrector\" rel=\"noopener\">Wiki de Mancomun.org na p\u00e1xina adicada ao corrector<\/a>.<\/div>\n<div align=\"justify\">\u00a0<\/div>\n<div align=\"justify\">A versi\u00f3n 2.1 xa se pode descargar desde a p\u00e1xina do <a href=\"openoffice.org-en-galego.html\" target=\"_blank\" title=\"http:\/\/www.mancomun.org\/openoffice.org-en-galego.html\" rel=\"noopener\">OpenOffice.org en galego<\/a> en Mancomun.org e tam\u00e9n empregando o asistente de instalaci\u00f3n que trae o OpenOffice.org xa que foi enviado para a s\u00faa distribuci\u00f3n polos r\u00e9plicas oficiais.<\/div>\n<div align=\"justify\">\u00a0<\/div>\n<div align=\"justify\">Para a instalaci\u00f3n do corrector podedes seguir as <a href=\"http:\/\/wiki.mancomun.org\/index.php\/Corrector_ortogr%C3%A1fico_para_OpenOffice.org#Descarga_e_instalaci.C3.B3n\" target=\"_blank\" title=\"http:\/\/wiki.mancomun.org\/index.php\/Corrector_ortogr%C3%A1fico_para_OpenOffice.org#Descarga_e_instalaci.C3.B3n\" rel=\"noopener\">instruci\u00f3ns<\/a>  que atoparedes no Wiki e\/ou facendo uso do seguinte <a href=\"raquo-descargas\/documentos\/textos\/guia-openoffice.org\/videos-explicativos\/corrector.ogg.html\" target=\"_blank\" title=\"v\u00eddeo do proceso de instalaci\u00f3n do corrector\" rel=\"noopener\">v\u00eddeo do proceso de instalaci\u00f3n do corrector&#8230;<\/a><\/div>\n","protected":false},"author":5,"featured_media":224,"comment_status":"open","ping_status":"open","sticky":false,"template":"","format":"standard","meta":{"footnotes":""},"categories":[],"tags":[],"class_list":["post-36998","post","type-post","status-publish","format-standard","has-post-thumbnail","hentry"],"acf":[],"_links":{"self":[{"href":"https:\/\/mancomun.gal\/es\/wp-json\/wp\/v2\/posts\/36998","targetHints":{"allow":["GET"]}}],"collection":[{"href":"https:\/\/mancomun.gal\/es\/wp-json\/wp\/v2\/posts"}],"about":[{"href":"https:\/\/mancomun.gal\/es\/wp-json\/wp\/v2\/types\/post"}],"author":[{"embeddable":true,"href":"https:\/\/mancomun.gal\/es\/wp-json\/wp\/v2\/users\/5"}],"replies":[{"embeddable":true,"href":"https:\/\/mancomun.gal\/es\/wp-json\/wp\/v2\/comments?post=36998"}],"version-history":[{"count":1,"href":"https:\/\/mancomun.gal\/es\/wp-json\/wp\/v2\/posts\/36998\/revisions"}],"predecessor-version":[{"id":36999,"href":"https:\/\/mancomun.gal\/es\/wp-json\/wp\/v2\/posts\/36998\/revisions\/36999"}],"wp:featuredmedia":[{"embeddable":true,"href":"https:\/\/mancomun.gal\/es\/wp-json\/wp\/v2\/media\/224"}],"wp:attachment":[{"href":"https:\/\/mancomun.gal\/es\/wp-json\/wp\/v2\/media?parent=36998"}],"wp:term":[{"taxonomy":"category","embeddable":true,"href":"https:\/\/mancomun.gal\/es\/wp-json\/wp\/v2\/categories?post=36998"},{"taxonomy":"post_tag","embeddable":true,"href":"https:\/\/mancomun.gal\/es\/wp-json\/wp\/v2\/tags?post=36998"}],"curies":[{"name":"wp","href":"https:\/\/api.w.org\/{rel}","templated":true}]}}