{"id":37000,"date":"2007-11-13T08:59:48","date_gmt":"2007-11-13T07:59:48","guid":{"rendered":"https:\/\/mancomun.gal\/varios-galegos-participan-no-ii-concurso-universitario-de-software-libre\/"},"modified":"2007-11-13T08:59:48","modified_gmt":"2007-11-13T07:59:48","slug":"varios-galegos-participan-no-ii-concurso-universitario-de-software-libre","status":"publish","type":"post","link":"https:\/\/mancomun.gal\/es\/varios-galegos-participan-no-ii-concurso-universitario-de-software-libre\/","title":{"rendered":"Varios galegos participan no II Concurso Universitario de Software Libre"},"content":{"rendered":"<p align=\"justify\">Por segundo ano consecutivo pres\u00e9ntase o <a href=\"http:\/\/www.concursosoftwarelibre.org\/node\/1\" target=\"_blank\" title=\"Concurso Software Libre\" rel=\"noopener\"><strong>Concurso Universitario de Software Libre<\/strong><\/a>, unha iniciativa m\u00e1is \u00e1 beira das correntes de Software Libre que se est\u00e1n creando e consolidando nas universidades.Un ano m\u00e1is o obxectivo principal do concurso \u00e9 seguir estimulando aos estudantes universitarios a que se involucren na participaci\u00f3n e creaci\u00f3n de proxectos de Software Libre.<\/p>\n<p align=\"justify\">Nesta edici\u00f3n a participaci\u00f3n galega \u00e9 extensa e conta con varios proxectos que se poden facer con alg\u00fan galard\u00f3n. A lista de <a href=\"http:\/\/www.concursosoftwarelibre.org\/node\/1\" target=\"_blank\" title=\"Lista de participantes\" rel=\"noopener\">participantes<\/a>  aparece publicada na web do concurso.\u00a0 <\/p>\n<p><\/p>\n<p align=\"justify\">Os proxectos rexistrados na web do concurso son:<\/p>\n<p align=\"justify\"><strong>cyberHotel<\/strong><\/p>\n<p align=\"justify\">A<span class=\"despcription\">plicaci\u00f3n que consiste nun programa n\u00facleo que se encargar\u00e1 de realizar a xesti\u00f3n, tanto administrativa (clientes, reservas, tarificaci\u00f3n,&#8230;) como estrutural (habitaci\u00f3ns, persoal,&#8230;), das actividades dun hotel de modo altamente configurable.<\/span><\/p>\n<p align=\"justify\"><em>David Ferreiro Nieto-A Coru\u00f1a\u00a0<\/em><\/p>\n<p align=\"justify\"><strong>Ecumenix<\/strong>\u00a0<\/p>\n<p align=\"justify\"> \t\t\t<span class=\"despcription\"> Inclusi\u00f3n de GNU\/Linux nun Directorio Activo de Microsoft.<\/span><\/p>\n<p align=\"justify\"><em>Jos\u00e9 Jorge Lorenzo Vila-A Coru\u00f1a<\/em><\/p>\n<p align=\"justify\"><em>Dariem P\u00e9rez Herrera-A Coru\u00f1a<\/em><\/p>\n<p align=\"justify\"><strong>Xestor de vendas (TPV)<\/strong>\u00a0<\/p>\n<div align=\"justify\"> \t\t\t<span class=\"despcription\"> Xestor de vendas para tendas de moda (TPV). M\u00f3dulo local e an\u00e1lise e dese\u00f1o dun m\u00f3dulo online. Control de stock, compras, vendas, administraci\u00f3n de provedores e clientes, visi\u00f3n de estat\u00edsticas&#8230;<\/span><\/div>\n<p align=\"justify\"><em>Elena Sobredo Rodr\u00edguez-A Coru\u00f1a<\/em><\/p>\n<p align=\"justify\"><strong>SAX:Sistema de Autenticaci\u00f3n Extensible con Acceso Din\u00e1mico a Restricci\u00f3ns\u00a0<\/strong><\/p>\n<p align=\"justify\"><span class=\"despcription\"> Sistema de logon multiplataforma con autenticaci\u00f3n contra un servidor que poder\u00e1 controlar penalizaci\u00f3ns de acceso a equipos, horarios de acceso&#8230;<\/span><\/p>\n<p align=\"justify\"><em>Jorge Breog\u00e1n L\u00f3pez Costa-Vigo\u00a0<\/em><\/p>\n<h3 class=\"project\">World-climbing-db<\/h3>\n<p><span class=\"despcription\"> Wiki sobre escalada para crear un espazo com\u00fan onde crear e manter a informaci\u00f3n acerca dos lugares de escalada en todo o mundo.<\/span><\/p>\n<p><em>Esteban Paz Freire-Vigo\u00a0<\/em><\/p>\n<p align=\"justify\">\u00a0<\/p>\n<p align=\"justify\">\u00a0<\/p>\n","protected":false},"excerpt":{"rendered":"<p align=\"justify\">Por segundo ano consecutivo pres\u00e9ntase o <a href=\"http:\/\/www.concursosoftwarelibre.org\/node\/1\" target=\"_blank\" title=\"Concurso Software Libre\" rel=\"noopener\"><strong>Concurso Universitario de Software Libre<\/strong><\/a>, unha iniciativa m\u00e1is \u00e1 beira das correntes de Software Libre que se est\u00e1n creando e consolidando nas universidades.Un ano m\u00e1is o obxectivo principal do concurso \u00e9 seguir estimulando aos estudantes universitarios a que se involucren na participaci\u00f3n e creaci\u00f3n de proxectos de Software Libre.<\/p>\n<p align=\"justify\">Nesta edici\u00f3n a participaci\u00f3n galega \u00e9 extensa e conta con varios proxectos que se poden facer con alg\u00fan galard\u00f3n. A lista de <a href=\"http:\/\/www.concursosoftwarelibre.org\/node\/1\" target=\"_blank\" title=\"Lista de participantes\" rel=\"noopener\">participantes<\/a>  aparece publicada na web do concurso.\u00a0 <\/p>\n","protected":false},"author":5,"featured_media":0,"comment_status":"open","ping_status":"open","sticky":false,"template":"","format":"standard","meta":{"footnotes":""},"categories":[],"tags":[],"class_list":["post-37000","post","type-post","status-publish","format-standard","hentry"],"acf":[],"_links":{"self":[{"href":"https:\/\/mancomun.gal\/es\/wp-json\/wp\/v2\/posts\/37000","targetHints":{"allow":["GET"]}}],"collection":[{"href":"https:\/\/mancomun.gal\/es\/wp-json\/wp\/v2\/posts"}],"about":[{"href":"https:\/\/mancomun.gal\/es\/wp-json\/wp\/v2\/types\/post"}],"author":[{"embeddable":true,"href":"https:\/\/mancomun.gal\/es\/wp-json\/wp\/v2\/users\/5"}],"replies":[{"embeddable":true,"href":"https:\/\/mancomun.gal\/es\/wp-json\/wp\/v2\/comments?post=37000"}],"version-history":[{"count":0,"href":"https:\/\/mancomun.gal\/es\/wp-json\/wp\/v2\/posts\/37000\/revisions"}],"wp:attachment":[{"href":"https:\/\/mancomun.gal\/es\/wp-json\/wp\/v2\/media?parent=37000"}],"wp:term":[{"taxonomy":"category","embeddable":true,"href":"https:\/\/mancomun.gal\/es\/wp-json\/wp\/v2\/categories?post=37000"},{"taxonomy":"post_tag","embeddable":true,"href":"https:\/\/mancomun.gal\/es\/wp-json\/wp\/v2\/tags?post=37000"}],"curies":[{"name":"wp","href":"https:\/\/api.w.org\/{rel}","templated":true}]}}