{"id":37002,"date":"2007-11-13T10:06:59","date_gmt":"2007-11-13T09:06:59","guid":{"rendered":"https:\/\/mancomun.gal\/typo3-incluira-o-galego-dentro-do-seu-nucleo\/"},"modified":"2007-11-13T10:06:59","modified_gmt":"2007-11-13T09:06:59","slug":"typo3-incluira-o-galego-dentro-do-seu-nucleo","status":"publish","type":"post","link":"https:\/\/mancomun.gal\/es\/typo3-incluira-o-galego-dentro-do-seu-nucleo\/","title":{"rendered":"TYPO3 incluir\u00e1 o galego dentro do seu n\u00facleo"},"content":{"rendered":"<div align=\"justify\"><a href=\"http:\/\/es.wikipedia.org\/wiki\/TYPO3\" target=\"_blank\" title=\"TYPO3\" rel=\"noopener\">TYPO3<\/a>, un dos xestores de contidos m\u00e1is completos , contar\u00e1 cunha versi\u00f3n en galego integrada a partir da s\u00faa versi\u00f3n 4.2.\u00a0 A extensi\u00f3n <a href=\"http:\/\/typo3.org\/extensions\/repository\/view\/static_info_tables_gl\/0.9.0\/\" target=\"_blank\" title=\"Static Info Tables (gl)\" rel=\"noopener\">static_info_tables_gl<\/a> para a traduci\u00f3n das t\u00e1boas est\u00e1ticas ao galego xa foi publicada. <a href=\"http:\/\/blogs.igalia.com\/mrego\/2007\/11\/06\/o-galego-en-typo3\/\" target=\"_blank\" title=\"Manuel Rego\" rel=\"noopener\">Manuel Rego<\/a>, desenvolvedor da empresa Igalia, faise eco da noticia e foi un dos principais art\u00edfices desta adaptaci\u00f3n. <\/div>\n<p><\/p>\n<div align=\"justify\">M\u00e1is informaci\u00f3n: <a href=\"http:\/\/blogs.igalia.com\/mrego\/2007\/11\/06\/o-galego-en-typo3\" target=\"_blank\" title=\"Blogue de Rego\" rel=\"noopener\">Blogue de Rego<\/a> <\/div>\n","protected":false},"excerpt":{"rendered":"<div align=\"justify\"><a href=\"http:\/\/es.wikipedia.org\/wiki\/TYPO3\" target=\"_blank\" title=\"TYPO3\" rel=\"noopener\">TYPO3<\/a>, un dos xestores de contidos m\u00e1is completos , contar\u00e1 cunha versi\u00f3n en galego integrada a partir da s\u00faa versi\u00f3n 4.2.\u00a0 A extensi\u00f3n <a href=\"http:\/\/typo3.org\/extensions\/repository\/view\/static_info_tables_gl\/0.9.0\/\" target=\"_blank\" title=\"Static Info Tables (gl)\" rel=\"noopener\">static_info_tables_gl<\/a> para a traduci\u00f3n das t\u00e1boas est\u00e1ticas ao galego xa foi publicada. <a href=\"http:\/\/blogs.igalia.com\/mrego\/2007\/11\/06\/o-galego-en-typo3\/\" target=\"_blank\" title=\"Manuel Rego\" rel=\"noopener\">Manuel Rego<\/a>, desenvolvedor da empresa Igalia, faise eco da noticia e foi un dos principais art\u00edfices desta adaptaci\u00f3n. <\/div>\n","protected":false},"author":5,"featured_media":0,"comment_status":"open","ping_status":"open","sticky":false,"template":"","format":"standard","meta":{"footnotes":""},"categories":[],"tags":[],"class_list":["post-37002","post","type-post","status-publish","format-standard","hentry"],"acf":[],"_links":{"self":[{"href":"https:\/\/mancomun.gal\/es\/wp-json\/wp\/v2\/posts\/37002","targetHints":{"allow":["GET"]}}],"collection":[{"href":"https:\/\/mancomun.gal\/es\/wp-json\/wp\/v2\/posts"}],"about":[{"href":"https:\/\/mancomun.gal\/es\/wp-json\/wp\/v2\/types\/post"}],"author":[{"embeddable":true,"href":"https:\/\/mancomun.gal\/es\/wp-json\/wp\/v2\/users\/5"}],"replies":[{"embeddable":true,"href":"https:\/\/mancomun.gal\/es\/wp-json\/wp\/v2\/comments?post=37002"}],"version-history":[{"count":0,"href":"https:\/\/mancomun.gal\/es\/wp-json\/wp\/v2\/posts\/37002\/revisions"}],"wp:attachment":[{"href":"https:\/\/mancomun.gal\/es\/wp-json\/wp\/v2\/media?parent=37002"}],"wp:term":[{"taxonomy":"category","embeddable":true,"href":"https:\/\/mancomun.gal\/es\/wp-json\/wp\/v2\/categories?post=37002"},{"taxonomy":"post_tag","embeddable":true,"href":"https:\/\/mancomun.gal\/es\/wp-json\/wp\/v2\/tags?post=37002"}],"curies":[{"name":"wp","href":"https:\/\/api.w.org\/{rel}","templated":true}]}}