{"id":37004,"date":"2007-11-14T05:49:06","date_gmt":"2007-11-14T04:49:06","guid":{"rendered":"https:\/\/mancomun.gal\/aje-vigo-achegou-o-software-libre-aos-empresarios-da-cidade-olivica\/"},"modified":"2007-11-14T05:49:06","modified_gmt":"2007-11-14T04:49:06","slug":"aje-vigo-achegou-o-software-libre-aos-empresarios-da-cidade-olivica","status":"publish","type":"post","link":"https:\/\/mancomun.gal\/es\/aje-vigo-achegou-o-software-libre-aos-empresarios-da-cidade-olivica\/","title":{"rendered":"AJE Vigo achegou o Software Libre aos empresarios da cidade ol\u00edvica"},"content":{"rendered":"<p align=\"justify\">A <a href=\"http:\/\/www.ajevigo.es\/web\/gal\/jovenes_empresarios_vigo.asp?var1=5&#038;var2=ACTIVIDADES%20AJE%A0%20Jornadas%20Alta%20Direcci%F3n%20&#038;id=75http:\/\/www.ajevigo.es\/web\/gal\/jovenes_empresarios_vigo.asp?var1=5&#038;var2=ACTIVIDADES%20AJE%A0%20Jornadas%20Alta%20Direcci%F3n%20&#038;id=75\" target=\"_blank\" title=\"Asociaci\u00f3n de J\u00f3venes Empresarios de Vigo\" rel=\"noopener\">Asociaci\u00f3n de J\u00f3venes Empresarios de Vigo<\/a>  celebrou o pasado luns 12 de novembro unha <a href=\"http:\/\/www.codigocero.com\/spip.php?article2831\" target=\"_blank\" title=\"Xornada ao redor das TIC\" rel=\"noopener\">xornada ao redor das TIC<\/a>  dentro das s\u00faas <em>Xornadas de Alta Formaci\u00f3n<\/em> na que o Software Libre tivo gran importancia. O evento contou coa presenza de <a href=\"http:\/\/blogs.igalia.com\/javivazquez\/\" target=\"_blank\" title=\"Javi V\u00e1zquez\" rel=\"noopener\">Javier V\u00e1zquez<\/a>, presidente de <a href=\"http:\/\/www.agasol.org\/component\/option,com_frontpage\/Itemid,1\/lang,ga\/\" target=\"_blank\" title=\"AGASOL\" rel=\"noopener\">AGASOL<\/a>  (Asociaci\u00f3n GAlega de empresas de SOftware Libre) e xerente da empresa coru\u00f1esa Igalia, que explicou o caso de \u00e9xito que representa a s\u00faa empresa no eido do Software Libre. Tam\u00e9n participou un dos blogueiros m\u00e1is reputados de Espa\u00f1a no terreo das TIC: <a href=\"http:\/\/www.enriquedans.com\/\" target=\"_blank\" title=\"Enrique Dans\" rel=\"noopener\">Enrique Dans<\/a>. <\/p>\n<p align=\"justify\">\u00a0<\/p>\n<p>\nFonte: <a href=\"http:\/\/www.codigocero.com\/spip.php?article2831\" target=\"_blank\" title=\"C\u00f3digo Cero\" rel=\"noopener\">C\u00f3digo Cero<\/a><\/p>\n","protected":false},"excerpt":{"rendered":"<p align=\"justify\">A <a href=\"http:\/\/www.ajevigo.es\/web\/gal\/jovenes_empresarios_vigo.asp?var1=5&#038;var2=ACTIVIDADES%20AJE%A0%20Jornadas%20Alta%20Direcci%F3n%20&#038;id=75http:\/\/www.ajevigo.es\/web\/gal\/jovenes_empresarios_vigo.asp?var1=5&#038;var2=ACTIVIDADES%20AJE%A0%20Jornadas%20Alta%20Direcci%F3n%20&#038;id=75\" target=\"_blank\" title=\"Asociaci\u00f3n de J\u00f3venes Empresarios de Vigo\" rel=\"noopener\">Asociaci\u00f3n de J\u00f3venes Empresarios de Vigo<\/a>  celebrou o pasado luns 12 de novembro unha <a href=\"http:\/\/www.codigocero.com\/spip.php?article2831\" target=\"_blank\" title=\"Xornada ao redor das TIC\" rel=\"noopener\">xornada ao redor das TIC<\/a>  dentro das s\u00faas <em>Xornadas de Alta Formaci\u00f3n<\/em> na que o Software Libre tivo gran importancia. O evento contou coa presenza de <a href=\"http:\/\/blogs.igalia.com\/javivazquez\/\" target=\"_blank\" title=\"Javi V\u00e1zquez\" rel=\"noopener\">Javier V\u00e1zquez<\/a>, presidente de <a href=\"http:\/\/www.agasol.org\/component\/option,com_frontpage\/Itemid,1\/lang,ga\/\" target=\"_blank\" title=\"AGASOL\" rel=\"noopener\">AGASOL<\/a>  (Asociaci\u00f3n GAlega de empresas de SOftware Libre) e xerente da empresa coru\u00f1esa Igalia, que explicou o caso de \u00e9xito que representa a s\u00faa empresa no eido do Software Libre. Tam\u00e9n participou un dos blogueiros m\u00e1is reputados de Espa\u00f1a no terreo das TIC: <a href=\"http:\/\/www.enriquedans.com\/\" target=\"_blank\" title=\"Enrique Dans\" rel=\"noopener\">Enrique Dans<\/a>. <\/p>\n<p align=\"justify\">\u00a0<\/p>\n","protected":false},"author":5,"featured_media":0,"comment_status":"open","ping_status":"open","sticky":false,"template":"","format":"standard","meta":{"footnotes":""},"categories":[],"tags":[],"class_list":["post-37004","post","type-post","status-publish","format-standard","hentry"],"acf":[],"_links":{"self":[{"href":"https:\/\/mancomun.gal\/es\/wp-json\/wp\/v2\/posts\/37004","targetHints":{"allow":["GET"]}}],"collection":[{"href":"https:\/\/mancomun.gal\/es\/wp-json\/wp\/v2\/posts"}],"about":[{"href":"https:\/\/mancomun.gal\/es\/wp-json\/wp\/v2\/types\/post"}],"author":[{"embeddable":true,"href":"https:\/\/mancomun.gal\/es\/wp-json\/wp\/v2\/users\/5"}],"replies":[{"embeddable":true,"href":"https:\/\/mancomun.gal\/es\/wp-json\/wp\/v2\/comments?post=37004"}],"version-history":[{"count":0,"href":"https:\/\/mancomun.gal\/es\/wp-json\/wp\/v2\/posts\/37004\/revisions"}],"wp:attachment":[{"href":"https:\/\/mancomun.gal\/es\/wp-json\/wp\/v2\/media?parent=37004"}],"wp:term":[{"taxonomy":"category","embeddable":true,"href":"https:\/\/mancomun.gal\/es\/wp-json\/wp\/v2\/categories?post=37004"},{"taxonomy":"post_tag","embeddable":true,"href":"https:\/\/mancomun.gal\/es\/wp-json\/wp\/v2\/tags?post=37004"}],"curies":[{"name":"wp","href":"https:\/\/api.w.org\/{rel}","templated":true}]}}