{"id":37011,"date":"2007-11-14T10:08:13","date_gmt":"2007-11-14T09:08:13","guid":{"rendered":"https:\/\/mancomun.gal\/a-open-document-foundation-pecha-as-suas-portas\/"},"modified":"2007-11-14T10:08:13","modified_gmt":"2007-11-14T09:08:13","slug":"a-open-document-foundation-pecha-as-suas-portas","status":"publish","type":"post","link":"https:\/\/mancomun.gal\/es\/a-open-document-foundation-pecha-as-suas-portas\/","title":{"rendered":"A Open Document Foundation pecha as s\u00faas portas"},"content":{"rendered":"<p>{mosimage}<\/p>\n<p>A \u00abpol\u00e9mica\u00bb decisi\u00f3n da Open Document Foundation &#8211; que <b>non era<\/p>\n<p>responsable do formato ODF<\/b>, a\u00ednda que o nome confunda &#8211; era que abandonaban o formato ODF a prol do <a\n\nhref=\"http:\/\/en.wikipedia.org\/wiki\/Compound_Document_Format\">CDF<\/a><\/p>\n<p>(Compound Document Format) da <a href=\"http:\/\/w3.org\">W3C<\/a> (World Wide Consortium).<\/p>\n<p>Este organismo, que non ti\u00f1a un estatus oficial, era tan s\u00f3 un grupo de persoas interesadas nestes temas. Por\u00e9n e segundo semella, o \u00fanico que quer\u00edan era montar algo de desconcerto na comunidade coa cr\u00edtica ao formato ODF con argumentos tan dispares como \u00abp\u00f3r demasiadas trabas coa compatibilidade proposta por Microsoft\u00bb.<\/p>\n<p>\nO peche foi bastante repentin, e agora, <a\n\nhref=\"http:\/\/opendocumentfoundation.us\">no seu web<\/a>, non aparece nada.<\/p>\n<p>Nova orixinal en: <a\n\nhref=\"http:\/\/www.theinquirer.es\/2007\/11\/13\/la_open_document_foundation_cierra_sus_puertas_y_a_nadie_le_importa.html\">The<\/p>\n<p>Inquirer<\/a><\/p>\n","protected":false},"excerpt":{"rendered":"<p>{mosimage}<\/p>\n<p>A \u00abpol\u00e9mica\u00bb decisi\u00f3n da Open Document Foundation &#8211; que <b>non era<\/p>\n<p>responsable do formato ODF<\/b>, a\u00ednda que o nome confunda &#8211; era que abandonaban o formato ODF a prol do <a\n\nhref=\"http:\/\/en.wikipedia.org\/wiki\/Compound_Document_Format\">CDF<\/a><\/p>\n<p>(Compound Document Format) da <a href=\"http:\/\/w3.org\">W3C<\/a> (World Wide Consortium).<\/p>\n<p>Este organismo, que non ti\u00f1a un estatus oficial, era tan s\u00f3 un grupo de persoas interesadas nestes temas. Por\u00e9n e segundo semella, o \u00fanico que quer\u00edan era montar algo de desconcerto na comunidade coa cr\u00edtica ao formato ODF con argumentos tan dispares como \u00abp\u00f3r demasiadas trabas coa compatibilidade proposta por Microsoft\u00bb.<\/p>\n","protected":false},"author":5,"featured_media":0,"comment_status":"open","ping_status":"open","sticky":false,"template":"","format":"standard","meta":{"footnotes":""},"categories":[],"tags":[],"class_list":["post-37011","post","type-post","status-publish","format-standard","hentry"],"acf":[],"_links":{"self":[{"href":"https:\/\/mancomun.gal\/es\/wp-json\/wp\/v2\/posts\/37011","targetHints":{"allow":["GET"]}}],"collection":[{"href":"https:\/\/mancomun.gal\/es\/wp-json\/wp\/v2\/posts"}],"about":[{"href":"https:\/\/mancomun.gal\/es\/wp-json\/wp\/v2\/types\/post"}],"author":[{"embeddable":true,"href":"https:\/\/mancomun.gal\/es\/wp-json\/wp\/v2\/users\/5"}],"replies":[{"embeddable":true,"href":"https:\/\/mancomun.gal\/es\/wp-json\/wp\/v2\/comments?post=37011"}],"version-history":[{"count":0,"href":"https:\/\/mancomun.gal\/es\/wp-json\/wp\/v2\/posts\/37011\/revisions"}],"wp:attachment":[{"href":"https:\/\/mancomun.gal\/es\/wp-json\/wp\/v2\/media?parent=37011"}],"wp:term":[{"taxonomy":"category","embeddable":true,"href":"https:\/\/mancomun.gal\/es\/wp-json\/wp\/v2\/categories?post=37011"},{"taxonomy":"post_tag","embeddable":true,"href":"https:\/\/mancomun.gal\/es\/wp-json\/wp\/v2\/tags?post=37011"}],"curies":[{"name":"wp","href":"https:\/\/api.w.org\/{rel}","templated":true}]}}