{"id":37018,"date":"2007-11-15T14:08:47","date_gmt":"2007-11-15T13:08:47","guid":{"rendered":"https:\/\/mancomun.gal\/segunda-edicion-de-open-innovation-en-zaragoza\/"},"modified":"2007-11-15T14:08:47","modified_gmt":"2007-11-15T13:08:47","slug":"segunda-edicion-de-open-innovation-en-zaragoza","status":"publish","type":"post","link":"https:\/\/mancomun.gal\/es\/segunda-edicion-de-open-innovation-en-zaragoza\/","title":{"rendered":"Segunda edici\u00f3n de Open Innovation en Zaragoza"},"content":{"rendered":"<div align=\"justify\">O pr\u00f3ximo 20 de novembro ter\u00e1 lugar, no Teatro Romano de Zaragoza, a celebraci\u00f3n da <a href=\"http:\/\/fundacionzcc.org\/\" target=\"_blank\" title=\"http:\/\/fundacionzcc.org\/\" rel=\"noopener\">II Xornada Open Innovation<\/a>, organizada pola Fundaci\u00f3n Zaragoza Cidade del Conocimiento xunto coa colaboraci\u00f3n de Open Tuesday, Warp Networks e Gaceta Tecnol\u00f3xica.<\/p>\n<p>Este encontro \u00e9 o segundo que se celebra.\u00a0 Tr\u00e1tase dunha serie de eventos, que se levan a cabo periodicamente co obxectivo de converterse en foros de intercambio de experiencias e de creaci\u00f3n de redes de contactos entre emprendedores e organizaci\u00f3ns involucradas no desenvolvemento de modelos de negocio e de sostibilidade econ\u00f3mica con c\u00f3digo aberto en Espa\u00f1a. <\/div>\n<p><\/p>\n<p align=\"justify\">Participar\u00e1n no encontro profesionais da talla de Mikko Puhakka, investigador en temas de Open Source e novos modelos de negocio; Stephen Walli Stephen, CTO e enxe\u00f1eiro VP; Jose Manuel Cantera Fonseca, coordinador do proxecto MyMobileWeb de Telefonica I+D; \u00c1ngel As\u00edn creador de Safe Creative, e Daniel Lopez, CTO e cofundador de Bitrock.<\/p>\n<div align=\"justify\">A finalidade desta xornada, enfocada ao \u00e1mbito empresarial e \u00e1 innovaci\u00f3n tecnol\u00f3xica, \u00e9 a de establecer as pautas para a creaci\u00f3n e dinamizaci\u00f3n de comunidades a trav\u00e9s de relatorios pr\u00e1cticos e concisas ofrecidas por destacados expertos en devandita \u00e1rea tem\u00e1tica. <\/p>\n<p> Os interesados en asistir \u00e1 xornada poden encher o <a href=\"http:\/\/fundacionzcc.org\/talleres\" target=\"_blank\" title=\"http:\/\/fundacionzcc.org\/talleres\/\" rel=\"noopener\">formulario de inscrici\u00f3n<\/a>.<\/div>\n","protected":false},"excerpt":{"rendered":"<div align=\"justify\">O pr\u00f3ximo 20 de novembro ter\u00e1 lugar, no Teatro Romano de Zaragoza, a celebraci\u00f3n da <a href=\"http:\/\/fundacionzcc.org\/\" target=\"_blank\" title=\"http:\/\/fundacionzcc.org\/\" rel=\"noopener\">II Xornada Open Innovation<\/a>, organizada pola Fundaci\u00f3n Zaragoza Cidade del Conocimiento xunto coa colaboraci\u00f3n de Open Tuesday, Warp Networks e Gaceta Tecnol\u00f3xica.<\/p>\n<p>Este encontro \u00e9 o segundo que se celebra.\u00a0 Tr\u00e1tase dunha serie de eventos, que se levan a cabo periodicamente co obxectivo de converterse en foros de intercambio de experiencias e de creaci\u00f3n de redes de contactos entre emprendedores e organizaci\u00f3ns involucradas no desenvolvemento de modelos de negocio e de sostibilidade econ\u00f3mica con c\u00f3digo aberto en Espa\u00f1a. <\/div>\n","protected":false},"author":5,"featured_media":0,"comment_status":"open","ping_status":"open","sticky":false,"template":"","format":"standard","meta":{"footnotes":""},"categories":[],"tags":[],"class_list":["post-37018","post","type-post","status-publish","format-standard","hentry"],"acf":[],"_links":{"self":[{"href":"https:\/\/mancomun.gal\/es\/wp-json\/wp\/v2\/posts\/37018","targetHints":{"allow":["GET"]}}],"collection":[{"href":"https:\/\/mancomun.gal\/es\/wp-json\/wp\/v2\/posts"}],"about":[{"href":"https:\/\/mancomun.gal\/es\/wp-json\/wp\/v2\/types\/post"}],"author":[{"embeddable":true,"href":"https:\/\/mancomun.gal\/es\/wp-json\/wp\/v2\/users\/5"}],"replies":[{"embeddable":true,"href":"https:\/\/mancomun.gal\/es\/wp-json\/wp\/v2\/comments?post=37018"}],"version-history":[{"count":0,"href":"https:\/\/mancomun.gal\/es\/wp-json\/wp\/v2\/posts\/37018\/revisions"}],"wp:attachment":[{"href":"https:\/\/mancomun.gal\/es\/wp-json\/wp\/v2\/media?parent=37018"}],"wp:term":[{"taxonomy":"category","embeddable":true,"href":"https:\/\/mancomun.gal\/es\/wp-json\/wp\/v2\/categories?post=37018"},{"taxonomy":"post_tag","embeddable":true,"href":"https:\/\/mancomun.gal\/es\/wp-json\/wp\/v2\/tags?post=37018"}],"curies":[{"name":"wp","href":"https:\/\/api.w.org\/{rel}","templated":true}]}}