{"id":37020,"date":"2007-11-16T01:23:19","date_gmt":"2007-11-16T00:23:19","guid":{"rendered":"https:\/\/mancomun.gal\/nova-edicion-da-lista-top500-o-85-dos-supercomputadores-do-mundo-emprega-gnulinux\/"},"modified":"2023-05-10T00:28:09","modified_gmt":"2023-05-09T22:28:09","slug":"nova-edicion-da-lista-top500-o-85-dos-supercomputadores-do-mundo-emprega-gnulinux","status":"publish","type":"post","link":"https:\/\/mancomun.gal\/es\/nova-edicion-da-lista-top500-o-85-dos-supercomputadores-do-mundo-emprega-gnulinux\/","title":{"rendered":"Nova edici\u00f3n da lista TOP500: O 85% dos supercomputadores do mundo emprega GNU\/Linux"},"content":{"rendered":"<div align=\"justify\">   \t \t \t \t \t \t \t<!-- \t\t@page { size: 21cm 29.7cm; margin: 2cm } \t\tP { margin-bottom: 0.21cm } \t--> \t  <\/div>\n<p style=\"margin-bottom: 0cm\" align=\"justify\"><a href=\"http:\/\/www.top500.org\" target=\"_blank\" title=\"http:\/\/www.top500.org\" rel=\"noopener\"><img loading=\"lazy\" decoding=\"async\" src=\"https:\/\/mancomun.gal\/wp-content\/uploads\/2022\/09\/top500.png\" border=\"0\" alt=\"http:\/\/www.mancomun.org\/images\/stories\/top500.png\" title=\"http:\/\/www.mancomun.org\/images\/stories\/top500.png\" hspace=\"8\" vspace=\"8\" width=\"120\" height=\"61\" align=\"left\" \/><\/a> <em><span style=\"font-style: normal\">Publicouse a segunda lista do ano TOP500 dos superordenadores m\u00e1is r\u00e1pidos do mundo. Nesta nova edici\u00f3n desta <\/span><\/em><em><span style=\"font-style: normal\">o dominio do sistema GNU\/Linux, cunha porcentaxe do 85% dos superordenadores, o que sup\u00f3n un crecemento do 8% en seis meses. Destacar a presenza galega no posto n\u00famero 100 co supercomputador <a href=\"http:\/\/www.top500.org\/system\/9156\" target=\"_blank\" title=\"http:\/\/www.top500.org\/system\/9156\" rel=\"noopener\">Finis Terrae<\/a>. <br \/><\/span><\/em><\/p>\n<div align=\"justify\"> <\/div>\n<p align=\"justify\"><em>\t<\/em><em><span style=\"font-style: normal\">No tocante <\/span><\/em><em><span style=\"font-style: normal\">ao emprego de procesadores, destaca a aparici\u00f3n de Intel no 73% das m\u00e1quinas, cun incremento do 13% en 6 meses.<\/span><\/em><\/p>\n<p>Fonte:<br \/><a href=\"http:\/\/www.noticiaslinux.com.br\/nl1195007336.html\" target=\"_blank\" title=\"http:\/\/www.top500.org\/system\/9156\" rel=\"noopener\"><span style=\"text-decoration: none\">http:\/\/www.noticiaslinux.com.br\/nl1195007336.html<\/span><\/a><\/p>\n","protected":false},"excerpt":{"rendered":"<div align=\"justify\">   \t \t \t \t \t \t \t<!-- \t\t@page { size: 21cm 29.7cm; margin: 2cm } \t\tP { margin-bottom: 0.21cm } \t--> \t  <\/div>\n<p style=\"margin-bottom: 0cm\" align=\"justify\"><a href=\"http:\/\/www.top500.org\" target=\"_blank\" title=\"http:\/\/www.top500.org\" rel=\"noopener\"><img loading=\"lazy\" decoding=\"async\" src=\"https:\/\/www.mancomun.gal\/wp-content\/uploads\/uploads\/pics\/stories\/top500.png\" border=\"0\" alt=\"http:\/\/www.mancomun.org\/images\/stories\/top500.png\" title=\"http:\/\/www.mancomun.org\/images\/stories\/top500.png\" hspace=\"8\" vspace=\"8\" width=\"120\" height=\"61\" align=\"left\" \/><\/a> <em><span style=\"font-style: normal\">Publicouse a segunda lista do ano TOP500 dos superordenadores m\u00e1is r\u00e1pidos do mundo. Nesta nova edici\u00f3n desta <\/span><\/em><em><span style=\"font-style: normal\">o dominio do sistema GNU\/Linux, cunha porcentaxe do 85% dos superordenadores, o que sup\u00f3n un crecemento do 8% en seis meses. Destacar a presenza galega no posto n\u00famero 100 co supercomputador <a href=\"http:\/\/www.top500.org\/system\/9156\" target=\"_blank\" title=\"http:\/\/www.top500.org\/system\/9156\" rel=\"noopener\">Finis Terrae<\/a>. <br \/><\/span><\/em><\/p>\n<div align=\"justify\"> <\/div>\n<p align=\"justify\"><em>\t<\/em><em><span style=\"font-style: normal\">No tocante <\/span><\/em><em><span style=\"font-style: normal\">ao emprego de procesadores, destaca a aparici\u00f3n de Intel no 73% das m\u00e1quinas, cun incremento do 13% en 6 meses.<\/span><\/em><\/p>\n","protected":false},"author":5,"featured_media":561,"comment_status":"open","ping_status":"open","sticky":false,"template":"","format":"standard","meta":{"footnotes":""},"categories":[],"tags":[],"class_list":["post-37020","post","type-post","status-publish","format-standard","has-post-thumbnail","hentry"],"acf":[],"_links":{"self":[{"href":"https:\/\/mancomun.gal\/es\/wp-json\/wp\/v2\/posts\/37020","targetHints":{"allow":["GET"]}}],"collection":[{"href":"https:\/\/mancomun.gal\/es\/wp-json\/wp\/v2\/posts"}],"about":[{"href":"https:\/\/mancomun.gal\/es\/wp-json\/wp\/v2\/types\/post"}],"author":[{"embeddable":true,"href":"https:\/\/mancomun.gal\/es\/wp-json\/wp\/v2\/users\/5"}],"replies":[{"embeddable":true,"href":"https:\/\/mancomun.gal\/es\/wp-json\/wp\/v2\/comments?post=37020"}],"version-history":[{"count":1,"href":"https:\/\/mancomun.gal\/es\/wp-json\/wp\/v2\/posts\/37020\/revisions"}],"predecessor-version":[{"id":37021,"href":"https:\/\/mancomun.gal\/es\/wp-json\/wp\/v2\/posts\/37020\/revisions\/37021"}],"wp:featuredmedia":[{"embeddable":true,"href":"https:\/\/mancomun.gal\/es\/wp-json\/wp\/v2\/media\/561"}],"wp:attachment":[{"href":"https:\/\/mancomun.gal\/es\/wp-json\/wp\/v2\/media?parent=37020"}],"wp:term":[{"taxonomy":"category","embeddable":true,"href":"https:\/\/mancomun.gal\/es\/wp-json\/wp\/v2\/categories?post=37020"},{"taxonomy":"post_tag","embeddable":true,"href":"https:\/\/mancomun.gal\/es\/wp-json\/wp\/v2\/tags?post=37020"}],"curies":[{"name":"wp","href":"https:\/\/api.w.org\/{rel}","templated":true}]}}