{"id":37025,"date":"2007-11-16T11:42:17","date_gmt":"2007-11-16T10:42:17","guid":{"rendered":"https:\/\/mancomun.gal\/remata-o-prazo-para-as-axudas-de-melinux\/"},"modified":"2007-11-16T11:42:17","modified_gmt":"2007-11-16T10:42:17","slug":"remata-o-prazo-para-as-axudas-de-melinux","status":"publish","type":"post","link":"https:\/\/mancomun.gal\/es\/remata-o-prazo-para-as-axudas-de-melinux\/","title":{"rendered":"Remata o prazo para as axudas de Melinux"},"content":{"rendered":"<p align=\"justify\">Hoxe, d\u00eda 16 de novembro, remata o prazo para que os cidad\u00e1ns e as asociaci\u00f3ns de veci\u00f1os soliciten a subvenci\u00f3n para a adquisici\u00f3n de \u00abMelinux-Hogar\u00bb, un computador persoal adaptado para conectarse ao televisor e empregarse como dispositivo multimedia. A subvenci\u00f3n \u00e1 cidadan\u00eda cubre o 30 % da adquisici\u00f3n da torre ou TV-Box.<\/p>\n<p>Fonte:<br \/><a href=\"http:\/\/www.diariosur.es\/20071116\/melilla\/finaliza-plazo-para-ayudas-20071116.html\" target=\"_blank\" title=\"http:\/\/www.diariosur.es\/20071116\/melilla\/finaliza-plazo-para-ayudas-20071116.html\" rel=\"noopener\">SUR.es<\/a><\/p>\n","protected":false},"excerpt":{"rendered":"<p align=\"justify\">Hoxe, d\u00eda 16 de novembro, remata o prazo para que os cidad\u00e1ns e as asociaci\u00f3ns de veci\u00f1os soliciten a subvenci\u00f3n para a adquisici\u00f3n de \u00abMelinux-Hogar\u00bb, un computador persoal adaptado para conectarse ao televisor e empregarse como dispositivo multimedia. A subvenci\u00f3n \u00e1 cidadan\u00eda cubre o 30 % da adquisici\u00f3n da torre ou TV-Box.<\/p>\n","protected":false},"author":5,"featured_media":0,"comment_status":"open","ping_status":"open","sticky":false,"template":"","format":"standard","meta":{"footnotes":""},"categories":[],"tags":[],"class_list":["post-37025","post","type-post","status-publish","format-standard","hentry"],"acf":[],"_links":{"self":[{"href":"https:\/\/mancomun.gal\/es\/wp-json\/wp\/v2\/posts\/37025","targetHints":{"allow":["GET"]}}],"collection":[{"href":"https:\/\/mancomun.gal\/es\/wp-json\/wp\/v2\/posts"}],"about":[{"href":"https:\/\/mancomun.gal\/es\/wp-json\/wp\/v2\/types\/post"}],"author":[{"embeddable":true,"href":"https:\/\/mancomun.gal\/es\/wp-json\/wp\/v2\/users\/5"}],"replies":[{"embeddable":true,"href":"https:\/\/mancomun.gal\/es\/wp-json\/wp\/v2\/comments?post=37025"}],"version-history":[{"count":0,"href":"https:\/\/mancomun.gal\/es\/wp-json\/wp\/v2\/posts\/37025\/revisions"}],"wp:attachment":[{"href":"https:\/\/mancomun.gal\/es\/wp-json\/wp\/v2\/media?parent=37025"}],"wp:term":[{"taxonomy":"category","embeddable":true,"href":"https:\/\/mancomun.gal\/es\/wp-json\/wp\/v2\/categories?post=37025"},{"taxonomy":"post_tag","embeddable":true,"href":"https:\/\/mancomun.gal\/es\/wp-json\/wp\/v2\/tags?post=37025"}],"curies":[{"name":"wp","href":"https:\/\/api.w.org\/{rel}","templated":true}]}}