{"id":37029,"date":"2007-11-19T09:11:08","date_gmt":"2007-11-19T08:11:08","guid":{"rendered":"https:\/\/mancomun.gal\/galpon-celebra-o-seu-quinto-aniversario-o-dia-24-de-novembro-en-vigo\/"},"modified":"2023-05-10T00:32:41","modified_gmt":"2023-05-09T22:32:41","slug":"galpon-celebra-o-seu-quinto-aniversario-o-dia-24-de-novembro-en-vigo","status":"publish","type":"post","link":"https:\/\/mancomun.gal\/es\/galpon-celebra-o-seu-quinto-aniversario-o-dia-24-de-novembro-en-vigo\/","title":{"rendered":"GALPon celebra o seu quinto aniversario o d\u00eda 24 de novembro en Vigo"},"content":{"rendered":"<div align=\"justify\"><a href=\"http:\/\/galpon.org\/drupal\/files\/logo5.png\" target=\"_blank\" title=\"GALPon\" rel=\"noopener\"><img loading=\"lazy\" decoding=\"async\" src=\"https:\/\/mancomun.gal\/wp-content\/uploads\/2022\/09\/galpon_animales_small.png\" border=\"0\" alt=\"GALPon\" title=\"GALPon\" hspace=\"5\" vspace=\"1\" width=\"112\" height=\"95\" align=\"left\" \/>GALPon<\/a>, Grupo de Amigos de Linux de Pontevedra, celebra o seu quinto aniversario con todos aqueles amigos que se queiran achegar. O encontro ter\u00e1 lugar o pr\u00f3ximo s\u00e1bado 24 nun centro comercial de Vigo e, <a href=\"http:\/\/galpon.org\/drupal\/node\/132\" target=\"_blank\" title=\"Festa de aniversario de GALPon\" rel=\"noopener\">segundo lemos na s\u00faa web<\/a>, haber\u00e1 fotos e tarta. Os interesados en asistir te\u00f1en que escribir un <a href=\"http:\/\/www.galpon.org\/drupal\/Listas_de_correo\">correo \u00e1 lista<\/a> ou a <a href=\"mailto:info@galpon.org\">info@galpon.org<\/a>.<\/div>\n<p><\/p>\n","protected":false},"excerpt":{"rendered":"<div align=\"justify\"><a href=\"http:\/\/galpon.org\/drupal\/files\/logo5.png\" target=\"_blank\" title=\"GALPon\" rel=\"noopener\"><img loading=\"lazy\" decoding=\"async\" src=\"https:\/\/www.mancomun.gal\/wp-content\/uploads\/uploads\/pics\/stories\/galpon_animales_small.png\" border=\"0\" alt=\"GALPon\" title=\"GALPon\" hspace=\"5\" vspace=\"1\" width=\"112\" height=\"95\" align=\"left\" \/>GALPon<\/a>, Grupo de Amigos de Linux de Pontevedra, celebra o seu quinto aniversario con todos aqueles amigos que se queiran achegar. O encontro ter\u00e1 lugar o pr\u00f3ximo s\u00e1bado 24 nun centro comercial de Vigo e, <a href=\"http:\/\/galpon.org\/drupal\/node\/132\" target=\"_blank\" title=\"Festa de aniversario de GALPon\" rel=\"noopener\">segundo lemos na s\u00faa web<\/a>, haber\u00e1 fotos e tarta. Os interesados en asistir te\u00f1en que escribir un <a href=\"http:\/\/www.galpon.org\/drupal\/Listas_de_correo\">correo \u00e1 lista<\/a> ou a <a href=\"mailto:info@galpon.org\">info@galpon.org<\/a>.<\/div>\n","protected":false},"author":5,"featured_media":1067,"comment_status":"open","ping_status":"open","sticky":false,"template":"","format":"standard","meta":{"footnotes":""},"categories":[],"tags":[],"class_list":["post-37029","post","type-post","status-publish","format-standard","has-post-thumbnail","hentry"],"acf":[],"_links":{"self":[{"href":"https:\/\/mancomun.gal\/es\/wp-json\/wp\/v2\/posts\/37029","targetHints":{"allow":["GET"]}}],"collection":[{"href":"https:\/\/mancomun.gal\/es\/wp-json\/wp\/v2\/posts"}],"about":[{"href":"https:\/\/mancomun.gal\/es\/wp-json\/wp\/v2\/types\/post"}],"author":[{"embeddable":true,"href":"https:\/\/mancomun.gal\/es\/wp-json\/wp\/v2\/users\/5"}],"replies":[{"embeddable":true,"href":"https:\/\/mancomun.gal\/es\/wp-json\/wp\/v2\/comments?post=37029"}],"version-history":[{"count":1,"href":"https:\/\/mancomun.gal\/es\/wp-json\/wp\/v2\/posts\/37029\/revisions"}],"predecessor-version":[{"id":37030,"href":"https:\/\/mancomun.gal\/es\/wp-json\/wp\/v2\/posts\/37029\/revisions\/37030"}],"wp:featuredmedia":[{"embeddable":true,"href":"https:\/\/mancomun.gal\/es\/wp-json\/wp\/v2\/media\/1067"}],"wp:attachment":[{"href":"https:\/\/mancomun.gal\/es\/wp-json\/wp\/v2\/media?parent=37029"}],"wp:term":[{"taxonomy":"category","embeddable":true,"href":"https:\/\/mancomun.gal\/es\/wp-json\/wp\/v2\/categories?post=37029"},{"taxonomy":"post_tag","embeddable":true,"href":"https:\/\/mancomun.gal\/es\/wp-json\/wp\/v2\/tags?post=37029"}],"curies":[{"name":"wp","href":"https:\/\/api.w.org\/{rel}","templated":true}]}}