{"id":37031,"date":"2008-01-10T04:51:43","date_gmt":"2008-01-10T03:51:43","guid":{"rendered":"https:\/\/mancomun.gal\/vigo-acollera-unhas-xornadas-sobre-cultura-e-conecemento-libres\/"},"modified":"2008-01-10T04:51:43","modified_gmt":"2008-01-10T03:51:43","slug":"vigo-acollera-unhas-xornadas-sobre-cultura-e-conecemento-libres","status":"publish","type":"post","link":"https:\/\/mancomun.gal\/es\/vigo-acollera-unhas-xornadas-sobre-cultura-e-conecemento-libres\/","title":{"rendered":"Vigo acoller\u00e1 unhas xornadas sobre cultura e co\u00f1ecemento libres"},"content":{"rendered":"<p align=\"justify\">Visto en <a href=\"http:\/\/www.codigocero.com\/spip.php?article3272\" target=\"_blank\" title=\"http:\/\/www.codigocero.com\/spip.php?article3272\" rel=\"noopener\">C\u00f3digoCero.com<\/a> :<br \/>Esta fin de semana (do 11 ao 13 de Xaneiro) celebraranse en Vigo as xornadas \u00abContra-Meios\u00bb, organizadas por Indymedia Galiza e coa colaboraci\u00f3n dos Centros Sociais A Revolta e A Cova dos Ratos, Olholivre e Trebelab.<\/p>\n<p align=\"justify\">O programa do evento a\u00ednda e provisional, pero vai encami\u00f1ado a descubrir e divulgar alternativas reais \u00f3s sistemas e redes pechadas de desenvolvemento art\u00edstico-tecnol\u00f3xico<\/p>\n<p align=\"justify\">Venres 11 \u00e1s 19:00 na Revolta:<\/p>\n<div align=\"justify\">\n<ul>\n<li>Palestra, obradoiro: Internet para colectivos a cargo de Trebelab.<\/li>\n<\/ul>\n<\/div>\n<p align=\"justify\">S\u00e1bado 12, Dese\u00f1o e creaci\u00f3n multimedia con ferramentas libres:<\/p>\n<div align=\"justify\">\n<ul>\n<li><a href=\"http:\/\/www.gimp.org\/\" target=\"_blank\" title=\"http:\/\/www.gimp.org\/\" rel=\"noopener\">Gimp<\/a>\/<a href=\"http:\/\/www.inkscape.org\/\" target=\"_blank\" title=\"http:\/\/www.inkscape.org\/\" rel=\"noopener\">Inkscape<\/a>\/<a href=\"http:\/\/www.scribus.net\" target=\"_blank\" title=\"http:\/\/www.scribus.net\" rel=\"noopener\">Scribus<\/a>, achegamento ao dese\u00f1o gr\u00e1fico, \u00e1s 12:00 no CSA Cova dos Ratos.<\/li>\n<li>Xantar popular interactivo CSA Cova dos Ratos.<\/li>\n<li>Sesi\u00f3n de video sobremesa\/sesta: audiovisuais <em>queer<\/em> 16:00 na Cova dos Ratos.<\/li>\n<li><a href=\"http:\/\/heroinewarrior.com\/cinelerra.php3\" target=\"_blank\" title=\"http:\/\/heroinewarrior.com\/cinelerra.php3\" rel=\"noopener\">Cinelerra<\/a>, edici\u00f3n de v\u00eddeo a cargo de Olholibre, \u00e1s 18:00 na Revolta.<\/li>\n<li>Xuntanza de Olholibre, \u00e1s 21:00 na Revolta.<\/li>\n<\/ul><\/div>\n<p>&#8230;<\/p>\n<p class=\"spip\" align=\"justify\">Domingo 12 no CSA Cova dos Ratos.<\/p>\n<div align=\"justify\">\n<ul>\n<li>Encontro haclab difuso galego, \u00e1s 13:00.<\/li>\n<li>Xantar popular interactivo.<\/li>\n<li>Sesi\u00f3n de video sobremesa\/sesta: <em>\u00c1 caza de hackers<\/em> (documental) 16:00<\/li>\n<li>Encontro aberto Galiza Indymedia \u00bfinteresada en participar? \u00a1acudide!, \u00e1s 17:00.<\/li>\n<li>Xuntanza equipa editorial, \u00e1s 18:00.<\/li>\n<\/ul>\n<p>M\u00e1is informaci\u00f3n na fonte orixinal en C\u00f3digoCero.com ou en <a href=\"http:\/\/galiza.indymedia.org\/gz\/2008\/01\/13769.shtml\" target=\"_blank\" title=\"http:\/\/galiza.indymedia.org\/gz\/2008\/01\/13769.shtml\" rel=\"noopener\">http:\/\/galiza.indymedia.org<\/a>  <\/div>\n","protected":false},"excerpt":{"rendered":"<p align=\"justify\">Visto en <a href=\"http:\/\/www.codigocero.com\/spip.php?article3272\" target=\"_blank\" title=\"http:\/\/www.codigocero.com\/spip.php?article3272\" rel=\"noopener\">C\u00f3digoCero.com<\/a> :<br \/>Esta fin de semana (do 11 ao 13 de Xaneiro) celebraranse en Vigo as xornadas \u00abContra-Meios\u00bb, organizadas por Indymedia Galiza e coa colaboraci\u00f3n dos Centros Sociais A Revolta e A Cova dos Ratos, Olholivre e Trebelab.<\/p>\n<p align=\"justify\">O programa do evento a\u00ednda e provisional, pero vai encami\u00f1ado a descubrir e divulgar alternativas reais \u00f3s sistemas e redes pechadas de desenvolvemento art\u00edstico-tecnol\u00f3xico<\/p>\n<p align=\"justify\">Venres 11 \u00e1s 19:00 na Revolta:<\/p>\n<div align=\"justify\">\n<ul>\n<li>Palestra, obradoiro: Internet para colectivos a cargo de Trebelab.<\/li>\n<\/ul>\n<\/div>\n<p align=\"justify\">S\u00e1bado 12, Dese\u00f1o e creaci\u00f3n multimedia con ferramentas libres:<\/p>\n<div align=\"justify\">\n<ul>\n<li><a href=\"http:\/\/www.gimp.org\/\" target=\"_blank\" title=\"http:\/\/www.gimp.org\/\" rel=\"noopener\">Gimp<\/a>\/<a href=\"http:\/\/www.inkscape.org\/\" target=\"_blank\" title=\"http:\/\/www.inkscape.org\/\" rel=\"noopener\">Inkscape<\/a>\/<a href=\"http:\/\/www.scribus.net\" target=\"_blank\" title=\"http:\/\/www.scribus.net\" rel=\"noopener\">Scribus<\/a>, achegamento ao dese\u00f1o gr\u00e1fico, \u00e1s 12:00 no CSA Cova dos Ratos.<\/li>\n<li>Xantar popular interactivo CSA Cova dos Ratos.<\/li>\n<li>Sesi\u00f3n de video sobremesa\/sesta: audiovisuais <em>queer<\/em> 16:00 na Cova dos Ratos.<\/li>\n<li><a href=\"http:\/\/heroinewarrior.com\/cinelerra.php3\" target=\"_blank\" title=\"http:\/\/heroinewarrior.com\/cinelerra.php3\" rel=\"noopener\">Cinelerra<\/a>, edici\u00f3n de v\u00eddeo a cargo de Olholibre, \u00e1s 18:00 na Revolta.<\/li>\n<li>Xuntanza de Olholibre, \u00e1s 21:00 na Revolta.<\/li>\n<\/ul><\/div>\n<p>&#8230;<\/p>\n","protected":false},"author":5,"featured_media":0,"comment_status":"open","ping_status":"open","sticky":false,"template":"","format":"standard","meta":{"footnotes":""},"categories":[],"tags":[],"class_list":["post-37031","post","type-post","status-publish","format-standard","hentry"],"acf":[],"_links":{"self":[{"href":"https:\/\/mancomun.gal\/es\/wp-json\/wp\/v2\/posts\/37031","targetHints":{"allow":["GET"]}}],"collection":[{"href":"https:\/\/mancomun.gal\/es\/wp-json\/wp\/v2\/posts"}],"about":[{"href":"https:\/\/mancomun.gal\/es\/wp-json\/wp\/v2\/types\/post"}],"author":[{"embeddable":true,"href":"https:\/\/mancomun.gal\/es\/wp-json\/wp\/v2\/users\/5"}],"replies":[{"embeddable":true,"href":"https:\/\/mancomun.gal\/es\/wp-json\/wp\/v2\/comments?post=37031"}],"version-history":[{"count":0,"href":"https:\/\/mancomun.gal\/es\/wp-json\/wp\/v2\/posts\/37031\/revisions"}],"wp:attachment":[{"href":"https:\/\/mancomun.gal\/es\/wp-json\/wp\/v2\/media?parent=37031"}],"wp:term":[{"taxonomy":"category","embeddable":true,"href":"https:\/\/mancomun.gal\/es\/wp-json\/wp\/v2\/categories?post=37031"},{"taxonomy":"post_tag","embeddable":true,"href":"https:\/\/mancomun.gal\/es\/wp-json\/wp\/v2\/tags?post=37031"}],"curies":[{"name":"wp","href":"https:\/\/api.w.org\/{rel}","templated":true}]}}