{"id":37034,"date":"2007-11-19T10:09:37","date_gmt":"2007-11-19T09:09:37","guid":{"rendered":"https:\/\/mancomun.gal\/emplealibre-i-feira-de-emprego-no-mercado-do-software-libre\/"},"modified":"2007-11-19T10:09:37","modified_gmt":"2007-11-19T09:09:37","slug":"emplealibre-i-feira-de-emprego-no-mercado-do-software-libre","status":"publish","type":"post","link":"https:\/\/mancomun.gal\/es\/emplealibre-i-feira-de-emprego-no-mercado-do-software-libre\/","title":{"rendered":"EmpleaLibre: I feira de emprego no mercado do Software Libre"},"content":{"rendered":"<p align=\"justify\">O <a href=\"http:\/\/www.hispalinux.es\/node\/655\" target=\"_blank\" title=\"Congreso de Hispalinux\" rel=\"noopener\">Congreso de Hispalinux<\/a>, que se celebrar\u00e1 entre os d\u00edas 13 e 16 de decembro en C\u00e1ceres,\u00a0 acoller\u00e1 <a href=\"http:\/\/www.hispalinux.es\/node\/658\" target=\"_blank\" title=\"Linux: Emplea Libre\" rel=\"noopener\">Linux: Emplea Libre<\/a>, a primeira feira de emprego no mercado do Software Libre que servir\u00e1 de punto de encontro de diversos colectivos. As empresas poder\u00e1n a trav\u00e9s de stands, conferencias e obradoiros dar a co\u00f1ecer a s\u00faa actividade e atraer a m\u00e1is persoas interesadas no Software Libre. Os estudantes tam\u00e9n poder\u00e1n co\u00f1ecer de primeira man as diferentes opci\u00f3ns que lles ofrece este mercado laboral. <\/p>\n<p><\/p>\n<div align=\"justify\">M\u00e1is informaci\u00f3n: <a href=\"http:\/\/hispalinux.org\" target=\"_blank\" title=\"Hispalinux\" rel=\"noopener\">Web de Hispalinux<\/a> <\/div>\n","protected":false},"excerpt":{"rendered":"<p align=\"justify\">O <a href=\"http:\/\/www.hispalinux.es\/node\/655\" target=\"_blank\" title=\"Congreso de Hispalinux\" rel=\"noopener\">Congreso de Hispalinux<\/a>, que se celebrar\u00e1 entre os d\u00edas 13 e 16 de decembro en C\u00e1ceres,\u00a0 acoller\u00e1 <a href=\"http:\/\/www.hispalinux.es\/node\/658\" target=\"_blank\" title=\"Linux: Emplea Libre\" rel=\"noopener\">Linux: Emplea Libre<\/a>, a primeira feira de emprego no mercado do Software Libre que servir\u00e1 de punto de encontro de diversos colectivos. As empresas poder\u00e1n a trav\u00e9s de stands, conferencias e obradoiros dar a co\u00f1ecer a s\u00faa actividade e atraer a m\u00e1is persoas interesadas no Software Libre. Os estudantes tam\u00e9n poder\u00e1n co\u00f1ecer de primeira man as diferentes opci\u00f3ns que lles ofrece este mercado laboral. <\/p>\n","protected":false},"author":5,"featured_media":0,"comment_status":"open","ping_status":"open","sticky":false,"template":"","format":"standard","meta":{"footnotes":""},"categories":[],"tags":[],"class_list":["post-37034","post","type-post","status-publish","format-standard","hentry"],"acf":[],"_links":{"self":[{"href":"https:\/\/mancomun.gal\/es\/wp-json\/wp\/v2\/posts\/37034","targetHints":{"allow":["GET"]}}],"collection":[{"href":"https:\/\/mancomun.gal\/es\/wp-json\/wp\/v2\/posts"}],"about":[{"href":"https:\/\/mancomun.gal\/es\/wp-json\/wp\/v2\/types\/post"}],"author":[{"embeddable":true,"href":"https:\/\/mancomun.gal\/es\/wp-json\/wp\/v2\/users\/5"}],"replies":[{"embeddable":true,"href":"https:\/\/mancomun.gal\/es\/wp-json\/wp\/v2\/comments?post=37034"}],"version-history":[{"count":0,"href":"https:\/\/mancomun.gal\/es\/wp-json\/wp\/v2\/posts\/37034\/revisions"}],"wp:attachment":[{"href":"https:\/\/mancomun.gal\/es\/wp-json\/wp\/v2\/media?parent=37034"}],"wp:term":[{"taxonomy":"category","embeddable":true,"href":"https:\/\/mancomun.gal\/es\/wp-json\/wp\/v2\/categories?post=37034"},{"taxonomy":"post_tag","embeddable":true,"href":"https:\/\/mancomun.gal\/es\/wp-json\/wp\/v2\/tags?post=37034"}],"curies":[{"name":"wp","href":"https:\/\/api.w.org\/{rel}","templated":true}]}}