{"id":37292,"date":"2008-01-14T08:50:37","date_gmt":"2008-01-14T07:50:37","guid":{"rendered":"https:\/\/mancomun.gal\/lenovo-xa-vende-portatiles-con-suse-linux\/"},"modified":"2008-01-14T08:50:37","modified_gmt":"2008-01-14T07:50:37","slug":"lenovo-xa-vende-portatiles-con-suse-linux","status":"publish","type":"post","link":"https:\/\/mancomun.gal\/es\/lenovo-xa-vende-portatiles-con-suse-linux\/","title":{"rendered":"Lenovo xa vende port\u00e1tiles con Suse Linux"},"content":{"rendered":"<p align=\"justify\">Hai casi 6 meses Lenovo anunciou que por\u00eda \u00e1 venda port\u00e1tiles con GN\/\/Linux preinstalado. Acaba de <a href=\"http:\/\/desktoplinux.com\/news\/NS3449833487.html\" target=\"_blank\" rel=\"noopener\">anunciar<\/a> que comezar\u00e1n a distribuir modelos Thinkpad con SLED 10. <\/p>\n<p align=\"justify\">Inicialmente esta opci\u00f3n s\u00f3 est\u00e1 dispo\u00f1ible para dous equipos, o ThinkPad T61 e o R61. O prezo dos equipos ser\u00e1 duns 950 d\u00f3lares, 20 d\u00f3lares menos que o mesmo port\u00e1til con Vista Home Premium. A partir de febreiro contan con ampliar esta posibilidade a m\u00e1is equipos<\/p>\n<p><\/p>\n<p align=\"justify\">Deste xeito Lenovo \u00fanese a outros fabricantes de port\u00e1tiles que ofrecen GNU\/Linuz preinstalado, tales como Dell, Acer, Toshiba ou Asus. <\/p>\n<p align=\"justify\">Fonte: <a href=\"http:\/\/desktoplinux.com\/news\/NS3449833487.html\" target=\"_blank\" rel=\"noopener\">DesktopLinux<\/a><\/p>\n","protected":false},"excerpt":{"rendered":"<p align=\"justify\">Hai casi 6 meses Lenovo anunciou que por\u00eda \u00e1 venda port\u00e1tiles con GN\/\/Linux preinstalado. Acaba de <a href=\"http:\/\/desktoplinux.com\/news\/NS3449833487.html\" target=\"_blank\" rel=\"noopener\">anunciar<\/a> que comezar\u00e1n a distribuir modelos Thinkpad con SLED 10. <\/p>\n<p align=\"justify\">Inicialmente esta opci\u00f3n s\u00f3 est\u00e1 dispo\u00f1ible para dous equipos, o ThinkPad T61 e o R61. O prezo dos equipos ser\u00e1 duns 950 d\u00f3lares, 20 d\u00f3lares menos que o mesmo port\u00e1til con Vista Home Premium. A partir de febreiro contan con ampliar esta posibilidade a m\u00e1is equipos<\/p>\n","protected":false},"author":5,"featured_media":0,"comment_status":"open","ping_status":"open","sticky":false,"template":"","format":"standard","meta":{"footnotes":""},"categories":[],"tags":[],"class_list":["post-37292","post","type-post","status-publish","format-standard","hentry"],"acf":[],"_links":{"self":[{"href":"https:\/\/mancomun.gal\/es\/wp-json\/wp\/v2\/posts\/37292","targetHints":{"allow":["GET"]}}],"collection":[{"href":"https:\/\/mancomun.gal\/es\/wp-json\/wp\/v2\/posts"}],"about":[{"href":"https:\/\/mancomun.gal\/es\/wp-json\/wp\/v2\/types\/post"}],"author":[{"embeddable":true,"href":"https:\/\/mancomun.gal\/es\/wp-json\/wp\/v2\/users\/5"}],"replies":[{"embeddable":true,"href":"https:\/\/mancomun.gal\/es\/wp-json\/wp\/v2\/comments?post=37292"}],"version-history":[{"count":0,"href":"https:\/\/mancomun.gal\/es\/wp-json\/wp\/v2\/posts\/37292\/revisions"}],"wp:attachment":[{"href":"https:\/\/mancomun.gal\/es\/wp-json\/wp\/v2\/media?parent=37292"}],"wp:term":[{"taxonomy":"category","embeddable":true,"href":"https:\/\/mancomun.gal\/es\/wp-json\/wp\/v2\/categories?post=37292"},{"taxonomy":"post_tag","embeddable":true,"href":"https:\/\/mancomun.gal\/es\/wp-json\/wp\/v2\/tags?post=37292"}],"curies":[{"name":"wp","href":"https:\/\/api.w.org\/{rel}","templated":true}]}}