{"id":37312,"date":"2008-01-17T10:22:19","date_gmt":"2008-01-17T09:22:19","guid":{"rendered":"https:\/\/mancomun.gal\/o-principado-de-asturias-traballa-nunha-plataforma-de-software-libre\/"},"modified":"2008-01-17T10:22:19","modified_gmt":"2008-01-17T09:22:19","slug":"o-principado-de-asturias-traballa-nunha-plataforma-de-software-libre","status":"publish","type":"post","link":"https:\/\/mancomun.gal\/es\/o-principado-de-asturias-traballa-nunha-plataforma-de-software-libre\/","title":{"rendered":"O Principado de Asturias traballa nunha plataforma de Software Libre"},"content":{"rendered":"<div align=\"justify\">O Goberno do Principado est\u00e1 traballando nun proxecto de configuraci\u00f3n dunha plataforma de Software Libre co obxectivo de transformar a plataforma &#8216;framework&#8217; do executivo nunha plataforma auton\u00f3mica na que colaboren e da que se beneficien todos os colectivos e axentes da comunidade. A iniciativa ten, ademais, unha visi\u00f3n expansionista ao pretender facer part\u00edcipes do proxecto a outras comunidades aut\u00f3nomas e colectivos interesados co prop\u00f3sito de mellorar e ampliar as posibilidades da plataforma.<\/p>\n<p>\u00c9 o \u00fanico proxecto estrat\u00e9xico de car\u00e1cter nacional para impulsar o co\u00f1ecemento e uso do software de fontes abertas ou libre, estando aberto \u00e1 participaci\u00f3n administraci\u00f3ns p\u00fablicas, empresas, universidades, grupos de I+D+i, usuarios e desenvolvedores deste tipo de tecnolox\u00edas.<\/div>\n<p><\/p>\n<p align=\"justify\">\u00a0<\/p>\n<p align=\"justify\">O Executivo conta xa coa colaboraci\u00f3n dos axentes sociais do Principado, os sindicatos UXT e CC OO e a Federaci\u00f3n Asturiana de Empresarios, a trav\u00e9s do Acordo para a Competitividade, o Emprego e o Benestar de Asturias. Ademais, entrou en contacto con organizaci\u00f3ns como a asociaci\u00f3n de usuarios asturianos do Software Libre AsturLinux e o Cluster TIC. <\/p>\n<p align=\"justify\">Fonte: <a href=\"http:\/\/www.openideas.info\/news\/2008\/01\/15\/el-principado-trabaja-en-una-plataforma-de-software-libre\" target=\"_blank\" title=\"http:\/\/www.openideas.info\" rel=\"noopener\">OpenIdeas.info<\/a> \u00a0<\/p>\n","protected":false},"excerpt":{"rendered":"<div align=\"justify\">O Goberno do Principado est\u00e1 traballando nun proxecto de configuraci\u00f3n dunha plataforma de Software Libre co obxectivo de transformar a plataforma &#8216;framework&#8217; do executivo nunha plataforma auton\u00f3mica na que colaboren e da que se beneficien todos os colectivos e axentes da comunidade. A iniciativa ten, ademais, unha visi\u00f3n expansionista ao pretender facer part\u00edcipes do proxecto a outras comunidades aut\u00f3nomas e colectivos interesados co prop\u00f3sito de mellorar e ampliar as posibilidades da plataforma.<\/p>\n<p>\u00c9 o \u00fanico proxecto estrat\u00e9xico de car\u00e1cter nacional para impulsar o co\u00f1ecemento e uso do software de fontes abertas ou libre, estando aberto \u00e1 participaci\u00f3n administraci\u00f3ns p\u00fablicas, empresas, universidades, grupos de I+D+i, usuarios e desenvolvedores deste tipo de tecnolox\u00edas.<\/div>\n","protected":false},"author":5,"featured_media":0,"comment_status":"open","ping_status":"open","sticky":false,"template":"","format":"standard","meta":{"footnotes":""},"categories":[],"tags":[],"class_list":["post-37312","post","type-post","status-publish","format-standard","hentry"],"acf":[],"_links":{"self":[{"href":"https:\/\/mancomun.gal\/es\/wp-json\/wp\/v2\/posts\/37312","targetHints":{"allow":["GET"]}}],"collection":[{"href":"https:\/\/mancomun.gal\/es\/wp-json\/wp\/v2\/posts"}],"about":[{"href":"https:\/\/mancomun.gal\/es\/wp-json\/wp\/v2\/types\/post"}],"author":[{"embeddable":true,"href":"https:\/\/mancomun.gal\/es\/wp-json\/wp\/v2\/users\/5"}],"replies":[{"embeddable":true,"href":"https:\/\/mancomun.gal\/es\/wp-json\/wp\/v2\/comments?post=37312"}],"version-history":[{"count":0,"href":"https:\/\/mancomun.gal\/es\/wp-json\/wp\/v2\/posts\/37312\/revisions"}],"wp:attachment":[{"href":"https:\/\/mancomun.gal\/es\/wp-json\/wp\/v2\/media?parent=37312"}],"wp:term":[{"taxonomy":"category","embeddable":true,"href":"https:\/\/mancomun.gal\/es\/wp-json\/wp\/v2\/categories?post=37312"},{"taxonomy":"post_tag","embeddable":true,"href":"https:\/\/mancomun.gal\/es\/wp-json\/wp\/v2\/tags?post=37312"}],"curies":[{"name":"wp","href":"https:\/\/api.w.org\/{rel}","templated":true}]}}