{"id":37320,"date":"2008-01-18T00:29:57","date_gmt":"2008-01-17T23:29:57","guid":{"rendered":"https:\/\/mancomun.gal\/creacion-da-oficina-de-software-libre-da-usc\/"},"modified":"2008-01-18T00:29:57","modified_gmt":"2008-01-17T23:29:57","slug":"creacion-da-oficina-de-software-libre-da-usc","status":"publish","type":"post","link":"https:\/\/mancomun.gal\/es\/creacion-da-oficina-de-software-libre-da-usc\/","title":{"rendered":"Creaci\u00f3n da Oficina de Software Libre da USC"},"content":{"rendered":"<p align=\"justify\">A <a href=\"http:\/\/www.usc.es\" target=\"_blank\" title=\"USC\" rel=\"noopener\">USC<\/a>, co apoio da Xunta de Galicia, est\u00e1 a dese\u00f1ar a creaci\u00f3n dunha <a href=\"http:\/\/www.usc.es\/gl\/servizos\/atic\/modules\/news\/news_0005.html?uri=\/gl\/servizos\/atic\/index.jsp\" target=\"_blank\" title=\"Oficina de Software Libre da USC\" rel=\"noopener\">Oficina de Software Libre<\/a> na USC, que ser\u00e1 operativa no presente curso acad\u00e9mico.<\/p>\n<p><\/p>\n","protected":false},"excerpt":{"rendered":"<p align=\"justify\">A <a href=\"http:\/\/www.usc.es\" target=\"_blank\" title=\"USC\" rel=\"noopener\">USC<\/a>, co apoio da Xunta de Galicia, est\u00e1 a dese\u00f1ar a creaci\u00f3n dunha <a href=\"http:\/\/www.usc.es\/gl\/servizos\/atic\/modules\/news\/news_0005.html?uri=\/gl\/servizos\/atic\/index.jsp\" target=\"_blank\" title=\"Oficina de Software Libre da USC\" rel=\"noopener\">Oficina de Software Libre<\/a> na USC, que ser\u00e1 operativa no presente curso acad\u00e9mico.<\/p>\n","protected":false},"author":5,"featured_media":0,"comment_status":"open","ping_status":"open","sticky":false,"template":"","format":"standard","meta":{"footnotes":""},"categories":[],"tags":[],"class_list":["post-37320","post","type-post","status-publish","format-standard","hentry"],"acf":[],"_links":{"self":[{"href":"https:\/\/mancomun.gal\/es\/wp-json\/wp\/v2\/posts\/37320","targetHints":{"allow":["GET"]}}],"collection":[{"href":"https:\/\/mancomun.gal\/es\/wp-json\/wp\/v2\/posts"}],"about":[{"href":"https:\/\/mancomun.gal\/es\/wp-json\/wp\/v2\/types\/post"}],"author":[{"embeddable":true,"href":"https:\/\/mancomun.gal\/es\/wp-json\/wp\/v2\/users\/5"}],"replies":[{"embeddable":true,"href":"https:\/\/mancomun.gal\/es\/wp-json\/wp\/v2\/comments?post=37320"}],"version-history":[{"count":0,"href":"https:\/\/mancomun.gal\/es\/wp-json\/wp\/v2\/posts\/37320\/revisions"}],"wp:attachment":[{"href":"https:\/\/mancomun.gal\/es\/wp-json\/wp\/v2\/media?parent=37320"}],"wp:term":[{"taxonomy":"category","embeddable":true,"href":"https:\/\/mancomun.gal\/es\/wp-json\/wp\/v2\/categories?post=37320"},{"taxonomy":"post_tag","embeddable":true,"href":"https:\/\/mancomun.gal\/es\/wp-json\/wp\/v2\/tags?post=37320"}],"curies":[{"name":"wp","href":"https:\/\/api.w.org\/{rel}","templated":true}]}}